{"id":12131,"date":"2014-05-05T18:36:50","date_gmt":"2014-05-05T21:36:50","guid":{"rendered":"http:\/\/crisbottallo.com.br\/blog\/?p=12131"},"modified":"2014-05-05T18:37:37","modified_gmt":"2014-05-05T21:37:37","slug":"editorial-no-site-do-clube-de-artesanato","status":"publish","type":"post","link":"http:\/\/crisbottallo.com.br\/blog\/?p=12131","title":{"rendered":"Editorial no site do Clube de Artesanato"},"content":{"rendered":"<p>Hoje foi dia de postar meu editorial no site do <a href=\"http:\/\/www.clubedeartesanato.com.br\/editorial\/tempo-de-organizar-seu-tempo\">Clube de Artesanato<\/a>.<br \/>\nTodo m\u00eas, sempre na primeira segunda-feira, eu posto um editorial com um tema relacionado ao artesanato e \u00e0 produ\u00e7\u00e3o artesanal, uma &#8220;conversa&#8221; que interessa a todos que gostam e fazem artesanato, assim como eu.<\/p>\n<p>Ah, e se voc\u00ea ainda n\u00e3o \u00e9 cadastrada (o) no <a href=\"http:\/\/www.clubedeartesanato.com.br\/editorial\/tempo-de-organizar-seu-tempo\">site do Clube<\/a>, aproveite para passar por l\u00e1 e se cadastrar. Eu sou curadora do site, escolho as mat\u00e9rias, escrevo, posto as fotos\u2026 sempre com trabalhos bacanas feitos com os materiais da Fitas Progresso.<br \/>\nVale a pena conhecer!<\/p>\n<p><a href=\"http:\/\/crisbottallo.com.br\/blog\/wp-content\/uploads\/2014\/05\/Editorial-maio.jpg\"><img loading=\"lazy\" src=\"http:\/\/crisbottallo.com.br\/blog\/wp-content\/uploads\/2014\/05\/Editorial-maio.jpg\" alt=\"\" title=\"Editorial maio\" width=\"460\" height=\"690\" class=\"alignnone size-full wp-image-12132\" srcset=\"http:\/\/crisbottallo.com.br\/blog\/wp-content\/uploads\/2014\/05\/Editorial-maio.jpg 460w, http:\/\/crisbottallo.com.br\/blog\/wp-content\/uploads\/2014\/05\/Editorial-maio-200x300.jpg 200w\" sizes=\"(max-width: 460px) 100vw, 460px\" \/><\/a><\/p>\n<p><strong>Tempo de organizar seu tempo<\/strong><\/p>\n<p>N\u00e3o sei bem porqu\u00ea, mas sempre tenho a impress\u00e3o que os meses de maio e junho s\u00e3o os mais produtivos do ano. Talvez seja pelo clima mais ameno do outono, com seus dias bonitos e ensolarados -por\u00e9m n\u00e3o muito quentes &#8211; ou talvez seja porque os feriados do Carnaval e P\u00e1scoa j\u00e1 passaram, o ano come\u00e7ou com tudo, e ainda tem um bom tempo at\u00e9 o final do ano&#8230;<br \/>\nN\u00e3o sei. O fato \u00e9 que sinto que somos mais produtivos nessa \u00e9poca.<\/p>\n<p>Isso me faz pensar no tempo, em como ele \u00e9 valioso para n\u00f3s, e como ele pode ser muito melhor aproveitado, se soubermos nos organizar.<\/p>\n<p>De fato o tempo, atualmente, vale muito. Estamos sempre muito atarefadas (os), somamos um monte de tarefas ao nosso dia a dia. A\u00ed voc\u00ea, artes\u00e3, dona de casa, m\u00e3e ou respons\u00e1vel pelos cuidados de algu\u00e9m, profissional, estudante, acaba tendo muito pouco tempo para voc\u00ea, e muitas vezes,  menos tempo ainda para fazer seu artesanato. Claro que os homens n\u00e3o ficam de fora, tamb\u00e9m acumulam tarefas, se trabalham com outra atividade precisam conciliar a rotina com a atividade artesanal, tamb\u00e9m t\u00eam suas responsabilidades em casa e tudo mais. Mas como falamos mais para as mulheres aqui, e como sou mulher, naturalmente penso muito na rotina de mulheres como eu.<\/p>\n<p>Se pararmos para pensar um minuto logo vamos concluir que o tempo \u00e9 sempre o mesmo, para todos: todas as pessoas t\u00eam as mesmas 24 horas do dia. E por que ent\u00e3o algumas pessoas parecem conseguir fazer um monte de coisas enquanto outras nunca conseguem fazer o que se prop\u00f5em, parece para ela os tempo nunca alcan\u00e7a, nunca \u00e9 suficiente? <\/p>\n<p>Acho que o ponto de partida \u00e9 entender que as pessoas devem colocar prioridades em seu dia a dia. Algumas coisas s\u00e3o inevit\u00e1veis, s\u00e3o aquelas tarefas que temos que realizar, independente de nossa disposi\u00e7\u00e3o ou vontade.  Outras ganham import\u00e2ncia quando damos prioridades a elas. Eu, por exemplo, prezo muito as atividades f\u00edsicas, por isso sempre come\u00e7o o dias por elas, \u00e9 uma prioridade para mim, da qual n\u00e3o abro m\u00e3o. Mas para conseguir dar conta de tudo e ainda me adaptar aos hor\u00e1rios e compromissos dos outros, acabo me programando para acordar mais cedo quando preciso. \u00c9 uma prioridade para mim, por isso na v\u00e9spera eu vou deitar mais cedo, para no dia seguinte tamb\u00e9m despertar em tempo.<\/p>\n<p>Com nosso trabalho artesanal devemos proceder da mesma forma. Independente e ser uma atividade rent\u00e1vel ou apenas um hobby para voc\u00ea, se essa pr\u00e1tica \u00e9 importante, voc\u00ea precisa prioriz\u00e1-la em seu dia a dia, justamente para evitar que a rotina acabe tomando todo seu tempo, n\u00e3o deixando nenhum espa\u00e7o para isso.<\/p>\n<p>Organize sua semana e procure reservar pelo menos um per\u00edodo em um ou dois dias para fazer seu artesanato. Muitas vezes vale mais a pena tirarmos uma tarde inteira, com quatro horas seguidas, para produzir, do que ficar dividindo seu tempo em pequenas fra\u00e7\u00f5es de 40 ou 40 minutos espalhados em v\u00e1rios dias. \u00c0s vezes n\u00e3o nos damos conta de como perdemos tempo apenas separando e organizando os materiais de trabalho, por isso se temos pouco tempo, ele acaba n\u00e3o rendendo quase nada.<\/p>\n<p>Outro fator que faz toda diferen\u00e7a na organiza\u00e7\u00e3o de nosso tempo \u00e9  o espa\u00e7o que temos para trabalhar. Se voc\u00ea disp\u00f5em de um lugar apenas para seu trabalho, n\u00e3o h\u00e1 problema nenhum em come\u00e7ar uma pe\u00e7a e parar, para retomar mais tarde ou outro dia. No entanto, se voc\u00ea n\u00e3o conta com um espa\u00e7o assim e tem que organizar seu material e guard\u00e1-lo cada vez que for usado, \u00e9 melhor reservar um tempo maior para a atividade, caso contr\u00e1rio a maior parte do seu  tempo ser\u00e1 gasta apenas em arrumar e guardar.<\/p>\n<p> Algumas das facilidades tecnol\u00f3gicas de hoje, como o celular e a internet, parecem que roubam uma parcela preciosa de nosso tempo tamb\u00e9m. Na verdade n\u00f3s nem sequer percebemos, mas gastamos um tempo precioso com eles, tempo que seria muito melhor investido em nossa produ\u00e7\u00e3o. Evite ficar o tempo todo checando o telefone ou conferindo emails se estiver no hor\u00e1rio da sua produ\u00e7\u00e3o. O ideal, inclusive, \u00e9 deixar esses aparatos de lado, por um tempo que seja. <\/p>\n<p>O tempo \u00e9 de fato nosso bem mais precioso, \u00e9 algo que n\u00e3o podemos repor e que ningu\u00e9m pode nos dar, por isso precisamos aprender a nos organizar para fazer o melhor poss\u00edvel com o tempo que temos. E em se tratando de artesanato voc\u00eas sabem muito bem como ele \u00e9 valioso&#8230; nosso trabalho demanda tempo e paci\u00eancia tanto para que fique pronto como para que fique cada vez melhor. Por isso pense nessa \u00e9poca do ano como um tempo para voc\u00ea se organizar e se tornar mais produtivo.<br \/>\nAcho que esse \u00e9 o maior desejo de todos artes\u00e3os, como eu e voc\u00eas.<\/p>\n<p>Aproveitem bem o m\u00eas de maio. E nos encontramos em junho!<\/p>\n<p>Cristina Bottallo<br \/>\nCuradoria do Site do Clube de Artesanato<\/p>\n<p><script type=\"text\/javascript\"><!--\ngoogle_ad_client = \"pub-9518983180152168\";\n\/* 468x60, criado 10\/07\/10 *\/\ngoogle_ad_slot = \"2365267377\";\ngoogle_ad_width = 468;\ngoogle_ad_height = 60;\n\/\/-->\n<\/script><br \/>\n<script type=\"text\/javascript\"\nsrc=\"http:\/\/pagead2.googlesyndication.com\/pagead\/show_ads.js\">\n<\/script><\/p>\n","protected":false},"excerpt":{"rendered":"<p>Hoje foi dia de postar meu editorial no site do Clube de Artesanato. Todo m\u00eas, sempre na primeira segunda-feira, eu posto um editorial com um tema relacionado ao artesanato e \u00e0 produ\u00e7\u00e3o artesanal, uma &#8220;conversa&#8221; que interessa a todos que gostam e fazem artesanato, assim como eu. Ah, e se voc\u00ea ainda n\u00e3o \u00e9 cadastrada &hellip; <a href=\"http:\/\/crisbottallo.com.br\/blog\/?p=12131\" class=\"more-link\">Continue lendo <span class=\"screen-reader-text\">Editorial no site do Clube de Artesanato<\/span> <span class=\"meta-nav\">&rarr;<\/span><\/a><\/p>\n","protected":false},"author":1,"featured_media":0,"comment_status":"open","ping_status":"open","sticky":false,"template":"","format":"standard","meta":[],"categories":[594],"tags":[],"_links":{"self":[{"href":"http:\/\/crisbottallo.com.br\/blog\/index.php?rest_route=\/wp\/v2\/posts\/12131"}],"collection":[{"href":"http:\/\/crisbottallo.com.br\/blog\/index.php?rest_route=\/wp\/v2\/posts"}],"about":[{"href":"http:\/\/crisbottallo.com.br\/blog\/index.php?rest_route=\/wp\/v2\/types\/post"}],"author":[{"embeddable":true,"href":"http:\/\/crisbottallo.com.br\/blog\/index.php?rest_route=\/wp\/v2\/users\/1"}],"replies":[{"embeddable":true,"href":"http:\/\/crisbottallo.com.br\/blog\/index.php?rest_route=%2Fwp%2Fv2%2Fcomments&post=12131"}],"version-history":[{"count":2,"href":"http:\/\/crisbottallo.com.br\/blog\/index.php?rest_route=\/wp\/v2\/posts\/12131\/revisions"}],"predecessor-version":[{"id":12134,"href":"http:\/\/crisbottallo.com.br\/blog\/index.php?rest_route=\/wp\/v2\/posts\/12131\/revisions\/12134"}],"wp:attachment":[{"href":"http:\/\/crisbottallo.com.br\/blog\/index.php?rest_route=%2Fwp%2Fv2%2Fmedia&parent=12131"}],"wp:term":[{"taxonomy":"category","embeddable":true,"href":"http:\/\/crisbottallo.com.br\/blog\/index.php?rest_route=%2Fwp%2Fv2%2Fcategories&post=12131"},{"taxonomy":"post_tag","embeddable":true,"href":"http:\/\/crisbottallo.com.br\/blog\/index.php?rest_route=%2Fwp%2Fv2%2Ftags&post=12131"}],"curies":[{"name":"wp","href":"https:\/\/api.w.org\/{rel}","templated":true}]}}