{"id":14602,"date":"2016-09-25T14:55:37","date_gmt":"2016-09-25T17:55:37","guid":{"rendered":"http:\/\/crisbottallo.com.br\/blog\/?p=14602"},"modified":"2016-09-25T14:55:37","modified_gmt":"2016-09-25T17:55:37","slug":"primavera-2","status":"publish","type":"post","link":"http:\/\/crisbottallo.com.br\/blog\/?p=14602","title":{"rendered":"Primavera!"},"content":{"rendered":"<p>A Primavera chegou em setembro, meu m\u00eas preferido&#8230;<br \/>\nE setembro chega trazendo muitos anivers\u00e1rios, do meu pai, de minha melhor amiga, meu e do meu canal <a href=\"https:\/\/www.youtube.com\/user\/cristinabottallo\">Cores da Cris<\/a>.<br \/>\nSim, faz um ano que lancei meu novo <a href=\"http:\/\/www.coresdacris.com\">site<\/a>, que mudei meu canal de v\u00eddeos e comecei uma nova s\u00e9rie de publica\u00e7\u00f5es aqui e nesses outros espa\u00e7os. E foi com uma t\u00e9cnica inspirada na Primavera que esse novo tempo come\u00e7ou, mais exatamente com o v\u00eddeo abaixo.<\/p>\n<p>Se voc\u00ea ainda n\u00e3o est\u00e1 inscrita (o) em meu canal no youtube, aproveite para se inscrever j\u00e1, e n\u00e3o perca as atualiza\u00e7\u00f5es da p\u00e1gina. E aproveite para assistir ao v\u00eddeo (mais) uma vez&#8230;<\/p>\n<p><iframe loading=\"lazy\" title=\"\u00c9 Primavera!!! &quot;Flores de Tecido&quot;\" width=\"474\" height=\"267\" src=\"https:\/\/www.youtube.com\/embed\/3C4pt4wEUI0?feature=oembed\" frameborder=\"0\" allow=\"accelerometer; autoplay; clipboard-write; encrypted-media; gyroscope; picture-in-picture; web-share\" allowfullscreen><\/iframe><\/p>\n<p><script type=\"text\/javascript\"><!--\ngoogle_ad_client = \"pub-9518983180152168\";\n\/* 468x60, criado 10\/07\/10 *\/\ngoogle_ad_slot = \"2365267377\";\ngoogle_ad_width = 468;\ngoogle_ad_height = 60;\n\/\/-->\n<\/script><br \/>\n<script type=\"text\/javascript\"\nsrc=\"http:\/\/pagead2.googlesyndication.com\/pagead\/show_ads.js\">\n<\/script><\/p>\n","protected":false},"excerpt":{"rendered":"<p>A Primavera chegou em setembro, meu m\u00eas preferido&#8230; E setembro chega trazendo muitos anivers\u00e1rios, do meu pai, de minha melhor amiga, meu e do meu canal Cores da Cris. Sim, faz um ano que lancei meu novo site, que mudei meu canal de v\u00eddeos e comecei uma nova s\u00e9rie de publica\u00e7\u00f5es aqui e nesses outros &hellip; <a href=\"http:\/\/crisbottallo.com.br\/blog\/?p=14602\" class=\"more-link\">Continue lendo <span class=\"screen-reader-text\">Primavera!<\/span> <span class=\"meta-nav\">&rarr;<\/span><\/a><\/p>\n","protected":false},"author":1,"featured_media":0,"comment_status":"open","ping_status":"open","sticky":false,"template":"","format":"standard","meta":[],"categories":[614],"tags":[],"_links":{"self":[{"href":"http:\/\/crisbottallo.com.br\/blog\/index.php?rest_route=\/wp\/v2\/posts\/14602"}],"collection":[{"href":"http:\/\/crisbottallo.com.br\/blog\/index.php?rest_route=\/wp\/v2\/posts"}],"about":[{"href":"http:\/\/crisbottallo.com.br\/blog\/index.php?rest_route=\/wp\/v2\/types\/post"}],"author":[{"embeddable":true,"href":"http:\/\/crisbottallo.com.br\/blog\/index.php?rest_route=\/wp\/v2\/users\/1"}],"replies":[{"embeddable":true,"href":"http:\/\/crisbottallo.com.br\/blog\/index.php?rest_route=%2Fwp%2Fv2%2Fcomments&post=14602"}],"version-history":[{"count":3,"href":"http:\/\/crisbottallo.com.br\/blog\/index.php?rest_route=\/wp\/v2\/posts\/14602\/revisions"}],"predecessor-version":[{"id":14615,"href":"http:\/\/crisbottallo.com.br\/blog\/index.php?rest_route=\/wp\/v2\/posts\/14602\/revisions\/14615"}],"wp:attachment":[{"href":"http:\/\/crisbottallo.com.br\/blog\/index.php?rest_route=%2Fwp%2Fv2%2Fmedia&parent=14602"}],"wp:term":[{"taxonomy":"category","embeddable":true,"href":"http:\/\/crisbottallo.com.br\/blog\/index.php?rest_route=%2Fwp%2Fv2%2Fcategories&post=14602"},{"taxonomy":"post_tag","embeddable":true,"href":"http:\/\/crisbottallo.com.br\/blog\/index.php?rest_route=%2Fwp%2Fv2%2Ftags&post=14602"}],"curies":[{"name":"wp","href":"https:\/\/api.w.org\/{rel}","templated":true}]}}