{"id":197,"date":"2010-05-02T13:23:06","date_gmt":"2010-05-02T16:23:06","guid":{"rendered":"http:\/\/blog.cristinabottallo.art.br\/2010\/05\/02\/tela-primavera-em-flor-%e2%80%93-123\/"},"modified":"2020-07-10T00:30:02","modified_gmt":"2020-07-10T03:30:02","slug":"tela-primavera-em-flor-123","status":"publish","type":"post","link":"http:\/\/crisbottallo.com.br\/blog\/?p=197","title":{"rendered":"TELA \u201cPRIMAVERA EM FLOR\u201d \u2013 123"},"content":{"rendered":"<p><strong>Bom dia&#8230; e bom domingo para voc\u00eas!<\/p>\n<p>Ali\u00e1s, que domingo bonito! Est\u00e1 um dia lindo hoje, t\u00edpico do m\u00eas de maio &#8211; c\u00e9u bem azul, sol, e um certo friozinho no ar&#8230; bem outono. Gosto de dias assim. Estou contente por que vou montar minha exposi\u00e7\u00e3o na quarta-feira, estarei l\u00e1 na esta\u00e7\u00e3o pela manh\u00e3, e depois que eu terminar essa montagem, come\u00e7arei a trabalhar na decora\u00e7\u00e3o do meu ateli\u00ea, finalmente. Quero abri-lo para o p\u00fablico a partir do segundo semestre, em julho ou agosto, e tenho muitas coisas a fazer ainda, preparar as pe\u00e7as da loja, pintar a tela da entrada, decorar a sacada e o jardim, pinatr o ateli\u00ea de serigrafia&#8230;<\/p>\n<p>Por falar em serigrafia, outra coisa que quero muito fazer \u00e9 inaugurar meu ateli\u00ea de impress\u00e3o, demorou tanto tempo para ficar pronto, e eu ainda nem tive a oportunidade de us\u00e1-lo&#8230; Bem, mas s\u00e3o todas coisas boas que vir\u00e3o nos pr\u00f3ximos dias e semanas, por isso um domingo bonito assim s\u00f3 contribui para que a disposi\u00e7\u00e3o pelo trabalho venha melhor e maior durante a semana. Vamos conversando, ent\u00e3o&#8230;<\/strong><\/p>\n<p>Bem, o trabalho de hoje \u00e9 mais uma pintura em tela, h\u00e1 tempos eu n\u00e3o trazia um trabalho assim:<\/p>\n<p><a href=\"http:\/\/crisbottallo.com.br\/blog\/wp-content\/uploads\/2010\/05\/tela-para-site-5.jpg\"><img loading=\"lazy\" src=\"http:\/\/crisbottallo.com.br\/blog\/wp-content\/uploads\/2010\/05\/tela-para-site-5-300x224.jpg\" alt=\"\" title=\"Samsung\" width=\"300\" height=\"224\" class=\"alignnone size-medium wp-image-1028\" srcset=\"http:\/\/crisbottallo.com.br\/blog\/wp-content\/uploads\/2010\/05\/tela-para-site-5-300x224.jpg 300w, http:\/\/crisbottallo.com.br\/blog\/wp-content\/uploads\/2010\/05\/tela-para-site-5.jpg 500w\" sizes=\"(max-width: 300px) 100vw, 300px\" \/><\/a><br \/>\nAcr\u00edlico sobre tela &#8220;Primavera em Flor&#8221;<\/p>\n<p>Eu pintei essa tela observando uma foto de um campo d eflores, Pena que n\u00e3o guardei a foto, seria bacana colocar aqui&#8230; De todo modo j\u00e1 estou preparando um trabalho assim, com a foto e a pintura.<\/p>\n<p>Eu pintei com acr\u00edlicos, e a \u00fanica &#8220;interven\u00e7\u00e3o art\u00edstica&#8221; foi a borboleta, que eu inclui na cena e que apresenta um tar\u00e7o mais estilizado, como em minhas outras pinturas.<\/p>\n<p>Embora eu prefira minhas inspira\u00e7\u00f5es mais estilizadas, \u00e9 interessante tamb\u00e9m pintar retratando uma foto real. \u00c9 tamb\u00e9m desafiador \u00e1ra quem n\u00e3o \u00e9 desenhista, como \u00e9 o meu caso, afinal o trabalho tem que ficar parecido com o real. No final da experi\u00eancia eu gosatei do resultado, usei alguns elementos da minha pintura como os tra\u00e7os e contornos com relevo, mas as flores continuaram com suas caracter\u00edsticas. Gostei, mas aidna prefiro soltar a imagina\u00e7\u00e3o e pintar uma \u00e1rvore que tem ma\u00e7\u00e3s e cora\u00e7\u00f5es azuis em sua copa&#8230;<\/p>\n<p>Bem, \u00e9 isso, pessoal, um dia bem colorido para voc\u00eas. Amanh\u00e3 conto como foi meu final de semana&#8230;<\/p>\n<p>Beijos,<br \/>\nCristina<br \/>\n<a href=\"http:\/\/www.cristinabottallo.com.br\">www.cristinabottallo.com.br<\/a><\/p>\n<p><script type=\"text\/javascript\"><!--\ngoogle_ad_client = \"pub-9518983180152168\";\n\/* 468x60, criado 10\/07\/10 *\/\ngoogle_ad_slot = \"2365267377\";\ngoogle_ad_width = 468;\ngoogle_ad_height = 60;\n\/\/-->\n<\/script><br \/>\n<script type=\"text\/javascript\"\nsrc=\"http:\/\/pagead2.googlesyndication.com\/pagead\/show_ads.js\">\n<\/script><\/p>\n","protected":false},"excerpt":{"rendered":"<p>Bom dia&#8230; e bom domingo para voc\u00eas! Ali\u00e1s, que domingo bonito! Est\u00e1 um dia lindo hoje, t\u00edpico do m\u00eas de maio &#8211; c\u00e9u bem azul, sol, e um certo friozinho no ar&#8230; bem outono. Gosto de dias assim. Estou contente por que vou montar minha exposi\u00e7\u00e3o na quarta-feira, estarei l\u00e1 na esta\u00e7\u00e3o pela manh\u00e3, e &hellip; <a href=\"http:\/\/crisbottallo.com.br\/blog\/?p=197\" class=\"more-link\">Continue lendo <span class=\"screen-reader-text\">TELA \u201cPRIMAVERA EM FLOR\u201d \u2013 123<\/span> <span class=\"meta-nav\">&rarr;<\/span><\/a><\/p>\n","protected":false},"author":1,"featured_media":0,"comment_status":"open","ping_status":"open","sticky":false,"template":"","format":"standard","meta":[],"categories":[656,165],"tags":[140,63,28],"_links":{"self":[{"href":"http:\/\/crisbottallo.com.br\/blog\/index.php?rest_route=\/wp\/v2\/posts\/197"}],"collection":[{"href":"http:\/\/crisbottallo.com.br\/blog\/index.php?rest_route=\/wp\/v2\/posts"}],"about":[{"href":"http:\/\/crisbottallo.com.br\/blog\/index.php?rest_route=\/wp\/v2\/types\/post"}],"author":[{"embeddable":true,"href":"http:\/\/crisbottallo.com.br\/blog\/index.php?rest_route=\/wp\/v2\/users\/1"}],"replies":[{"embeddable":true,"href":"http:\/\/crisbottallo.com.br\/blog\/index.php?rest_route=%2Fwp%2Fv2%2Fcomments&post=197"}],"version-history":[{"count":3,"href":"http:\/\/crisbottallo.com.br\/blog\/index.php?rest_route=\/wp\/v2\/posts\/197\/revisions"}],"predecessor-version":[{"id":1305,"href":"http:\/\/crisbottallo.com.br\/blog\/index.php?rest_route=\/wp\/v2\/posts\/197\/revisions\/1305"}],"wp:attachment":[{"href":"http:\/\/crisbottallo.com.br\/blog\/index.php?rest_route=%2Fwp%2Fv2%2Fmedia&parent=197"}],"wp:term":[{"taxonomy":"category","embeddable":true,"href":"http:\/\/crisbottallo.com.br\/blog\/index.php?rest_route=%2Fwp%2Fv2%2Fcategories&post=197"},{"taxonomy":"post_tag","embeddable":true,"href":"http:\/\/crisbottallo.com.br\/blog\/index.php?rest_route=%2Fwp%2Fv2%2Ftags&post=197"}],"curies":[{"name":"wp","href":"https:\/\/api.w.org\/{rel}","templated":true}]}}