{"id":198,"date":"2010-05-03T12:43:43","date_gmt":"2010-05-03T15:43:43","guid":{"rendered":"http:\/\/blog.cristinabottallo.art.br\/2010\/05\/03\/bauernmalerei-classico-sobre-fundo-preto-124\/"},"modified":"2020-07-10T00:30:01","modified_gmt":"2020-07-10T03:30:01","slug":"bauernmalerei-classico-sobre-fundo-preto-124","status":"publish","type":"post","link":"http:\/\/crisbottallo.com.br\/blog\/?p=198","title":{"rendered":"BAUERNMALEREI CL\u00c1SSICO SOBRE FUNDO PRETO \u2013 124"},"content":{"rendered":"<p><strong>Ol\u00e1, pessoal&#8230;<\/p>\n<p>Boa segunda-feira para voc\u00eas&#8230; e boa semana!<\/p>\n<p>Ainda na &#8220;sintonia&#8221; do bauernmalerei, o <em>post<\/em> de hoje tamb\u00e9m \u00e9 sobre a t\u00e9cnica. Mas eu j\u00e1 falo sobre isso&#8230;<\/strong><\/p>\n<p><strong>Antes vou aproveitar para contar para voc\u00eas como essa t\u00e9cnica entrou em minha vida. H\u00e1 24 anos, em 1986, visitei com meu pai e irm\u00e3os a Bienal do Livro aqui em S\u00e3o Paulo, quando ela aina era realizada no Pavilh\u00e3o da Bienal, no Parque do Ibirapuera. Eu lembro muito bem porque foi um ano antes de eu me casar, e foi tamb\u00e9m uma das \u00faltimas vezes em que sai para passear como &#8220;filha&#8221;.<\/p>\n<p>Naquela \u00e9poca visitar a Bienal era um sonho para quem gostava de livros &#8211; n\u00e3o existiam livrarias virtuais ou sites, e nem tantas livrarias como as que temos hoje. Era a oportunidade m\u00e1gica de comprarmos livros diferentes, sobretudo os importados. Eu, naturalmente, procurava sempre os livros de t\u00e9cnicas de pintura e gravura, que me interessavam muito &#8211; afinal eu estava no primeiro ano da faculdade e j\u00e1 tinha meu ateli\u00ea em casa.<\/p>\n<p>No estande da Espanha e Portugal eu encontrei uns livrinhos pequenos e fininhos de uma cole\u00e7\u00e3o de livros pr\u00e1ticos em espanhol. Eles eram de autoras alem\u00e3s, e ensinavam a t\u00e9cnica bauernmalerei (bauer-campo e malerei-pintura, ou seja, pintura campestre em alem\u00e3o). Eu j\u00e1 tinha visto alguns trabalhos parecidos em outras publica\u00e7\u00f5es, mas nunca tinha encontrado um material did\u00e1tico, com riscos e passoa-a-passo.<\/strong><\/p>\n<p><a href=\"http:\/\/crisbottallo.com.br\/blog\/wp-content\/uploads\/2010\/05\/livro-bauern0001.jpg\"><img loading=\"lazy\" src=\"http:\/\/crisbottallo.com.br\/blog\/wp-content\/uploads\/2010\/05\/livro-bauern0001-300x281.jpg\" alt=\"\" title=\"livro bauern0001\" width=\"300\" height=\"281\" class=\"alignnone size-medium wp-image-1020\" srcset=\"http:\/\/crisbottallo.com.br\/blog\/wp-content\/uploads\/2010\/05\/livro-bauern0001-300x281.jpg 300w, http:\/\/crisbottallo.com.br\/blog\/wp-content\/uploads\/2010\/05\/livro-bauern0001.jpg 470w\" sizes=\"(max-width: 300px) 100vw, 300px\" \/><\/a><br \/>\n<strong>Livro &#8220;Como Pintar Objetos de Madera&#8221;<\/strong><\/p>\n<p><a href=\"http:\/\/crisbottallo.com.br\/blog\/wp-content\/uploads\/2010\/05\/livro-bauern20001.jpg\"><img loading=\"lazy\" src=\"http:\/\/crisbottallo.com.br\/blog\/wp-content\/uploads\/2010\/05\/livro-bauern20001-300x202.jpg\" alt=\"\" title=\"livro bauern20001\" width=\"300\" height=\"202\" class=\"alignnone size-medium wp-image-1021\" srcset=\"http:\/\/crisbottallo.com.br\/blog\/wp-content\/uploads\/2010\/05\/livro-bauern20001-300x202.jpg 300w, http:\/\/crisbottallo.com.br\/blog\/wp-content\/uploads\/2010\/05\/livro-bauern20001.jpg 470w\" sizes=\"(max-width: 300px) 100vw, 300px\" \/><\/a><br \/>\n<strong>P\u00e1ginas internas do mesmo livro<\/strong><br \/>\n<strong><br \/>\nUm deles (o livro acima) era mais espec\u00edfico do bauern, e a parte interna tinha poucoas imagens coloridas mas todas as informa\u00e7\u00f5es sobre a t\u00e9cnica. O outro (abaixo) era mais &#8220;moderno&#8221; (para a \u00e9poca, \u00e9 claro). O original devia ser um livro do final dos anos 70 (a edi\u00e7\u00e3o era de 1983) e o estilo dos desenhos era bem caracter\u00edstico daquelas tempos&#8230; \u00e8 muito saudoso olhar para ele!<\/strong><\/p>\n<p><a href=\"http:\/\/crisbottallo.com.br\/blog\/wp-content\/uploads\/2010\/05\/livro-bauern30001.jpg\"><img loading=\"lazy\" src=\"http:\/\/crisbottallo.com.br\/blog\/wp-content\/uploads\/2010\/05\/livro-bauern30001-300x296.jpg\" alt=\"\" title=\"livro bauern30001\" width=\"300\" height=\"296\" class=\"alignnone size-medium wp-image-1022\" srcset=\"http:\/\/crisbottallo.com.br\/blog\/wp-content\/uploads\/2010\/05\/livro-bauern30001-300x296.jpg 300w, http:\/\/crisbottallo.com.br\/blog\/wp-content\/uploads\/2010\/05\/livro-bauern30001.jpg 470w\" sizes=\"(max-width: 300px) 100vw, 300px\" \/><\/a><br \/>\n<strong>Livro &#8220;Decoremos la Madera&#8221;<\/strong><\/p>\n<p><strong>Bons tempos aqueles&#8230; Meu pai comprou os livrinhos para mim,  e esses dois exemplares inauguraram minha biblioteca de livros de t\u00e9cnicas. Hoje eu tenho muitos t\u00edtulos, a mior parte importados, e me orgulho muito do meu acervo. Mas esses dois livrinhos continuam sendo meus &#8220;xod\u00f3s&#8221;. Claro que existem muitos outros livros mais atuais e completos, mas nada se compara ao carinho que a gente pega por esses objetos que entram em nossa vida de uma forma t\u00e3o especial, n\u00e3o \u00e9 mesmo?<\/strong><\/p>\n<p>Bem, chega de conversa&#8230; O trabalho do dia \u00e9:<\/p>\n<p><a href=\"http:\/\/crisbottallo.com.br\/blog\/wp-content\/uploads\/2010\/05\/bauern5.jpg\"><img loading=\"lazy\" src=\"http:\/\/crisbottallo.com.br\/blog\/wp-content\/uploads\/2010\/05\/bauern5-300x225.jpg\" alt=\"\" title=\"bauern5\" width=\"300\" height=\"225\" class=\"alignnone size-medium wp-image-1023\" srcset=\"http:\/\/crisbottallo.com.br\/blog\/wp-content\/uploads\/2010\/05\/bauern5-300x225.jpg 300w, http:\/\/crisbottallo.com.br\/blog\/wp-content\/uploads\/2010\/05\/bauern5.jpg 460w\" sizes=\"(max-width: 300px) 100vw, 300px\" \/><\/a><br \/>\n<strong>Porta-j\u00f3ias de madeira com fundo preto<\/strong><\/p>\n<p>Essa pe\u00e7a apresenta um motivo do bauernmalerei bem tradicional, e a pintura sobre o fundo preto real\u00e7a ainda mais as cores vivas e b\u00e1sicas.<\/p>\n<p>Para que o acabamento fique melhor, recomendo que voc\u00ea aplique uma dem\u00e3o fina de base acr\u00edlica ou tinta acr\u00edlica fosca branca sobre o risco transferido para a pe\u00e7a com um carbono claro. Isso porque sobre o fundo branco a cobertur das tintas coloridas ser\u00e1 muito melhor. Caso contr\u00e1rio ser\u00e1 necess\u00e1rio aplicar v\u00e1rias dem\u00e3os de cada cor.<\/p>\n<p><a href=\"http:\/\/crisbottallo.com.br\/blog\/wp-content\/uploads\/2010\/05\/bauern6.jpg\"><img loading=\"lazy\" src=\"http:\/\/crisbottallo.com.br\/blog\/wp-content\/uploads\/2010\/05\/bauern6-300x225.jpg\" alt=\"\" title=\"bauern6\" width=\"300\" height=\"225\" class=\"alignnone size-medium wp-image-1024\" srcset=\"http:\/\/crisbottallo.com.br\/blog\/wp-content\/uploads\/2010\/05\/bauern6-300x225.jpg 300w, http:\/\/crisbottallo.com.br\/blog\/wp-content\/uploads\/2010\/05\/bauern6.jpg 460w\" sizes=\"(max-width: 300px) 100vw, 300px\" \/><\/a><br \/>\n<strong>Detalhe da pintura da tampa<\/strong><\/p>\n<p>Nessa pe\u00e7a os desenhos s\u00e3o mais simples e foram pintados com menos pinceladas, caracter\u00edsticas desse estilo mais tradicional do bauernmalerei. As cores s\u00e3o as prim\u00e1rias: vermelho, amarelo, azul para as flores, verdes para as folhas e o branco, sempre presente nas pinceladas e detalhes.<\/p>\n<p><a href=\"http:\/\/crisbottallo.com.br\/blog\/wp-content\/uploads\/2010\/05\/bauern7.jpg\"><img loading=\"lazy\" src=\"http:\/\/crisbottallo.com.br\/blog\/wp-content\/uploads\/2010\/05\/bauern7-300x208.jpg\" alt=\"\" title=\"bauern7\" width=\"300\" height=\"208\" class=\"alignnone size-medium wp-image-1025\" srcset=\"http:\/\/crisbottallo.com.br\/blog\/wp-content\/uploads\/2010\/05\/bauern7-300x208.jpg 300w, http:\/\/crisbottallo.com.br\/blog\/wp-content\/uploads\/2010\/05\/bauern7.jpg 460w\" sizes=\"(max-width: 300px) 100vw, 300px\" \/><\/a><br \/>\n<strong>Detalhe da lateral do porta-j\u00f3ias<\/strong><\/p>\n<p>Nas laterais da caixa eu pintei uma tracejado em cruz, decorado com flores feitas com bolinhas e tra\u00e7os.<\/p>\n<p>O acabamento deve ser feito com cera em pasta incolor, que deve ser aplicada com uma paninho macio. Depois \u00e9 s\u00f3 aguardar uns 10 minutos e lustrar com uma flanela.<\/p>\n<p>E se voc\u00ea gosta de bauernmalerei assim como eu j\u00e1 sabe, visite a LOJA do meu site e veja os produtos que ofere\u00e7o para essa t\u00e9cnoca por l\u00e1&#8230; <a href=\"http:\/\/www.cristinabottallo.com.br\">www.cristinabottallo.com.br<\/a><\/p>\n<p>Bom, \u00e9 isso por hoje, pessoal, amanh\u00e3, como sempre, tem mais&#8230;<\/p>\n<p>Beij\u00e3o!<\/p>\n<p><script type=\"text\/javascript\"><!--\ngoogle_ad_client = \"pub-9518983180152168\";\n\/* 468x60, criado 10\/07\/10 *\/\ngoogle_ad_slot = \"2365267377\";\ngoogle_ad_width = 468;\ngoogle_ad_height = 60;\n\/\/-->\n<\/script><br \/>\n<script type=\"text\/javascript\"\nsrc=\"http:\/\/pagead2.googlesyndication.com\/pagead\/show_ads.js\">\n<\/script><\/p>\n","protected":false},"excerpt":{"rendered":"<p>Ol\u00e1, pessoal&#8230; Boa segunda-feira para voc\u00eas&#8230; e boa semana! Ainda na &#8220;sintonia&#8221; do bauernmalerei, o post de hoje tamb\u00e9m \u00e9 sobre a t\u00e9cnica. Mas eu j\u00e1 falo sobre isso&#8230; Antes vou aproveitar para contar para voc\u00eas como essa t\u00e9cnica entrou em minha vida. H\u00e1 24 anos, em 1986, visitei com meu pai e irm\u00e3os a &hellip; <a href=\"http:\/\/crisbottallo.com.br\/blog\/?p=198\" class=\"more-link\">Continue lendo <span class=\"screen-reader-text\">BAUERNMALEREI CL\u00c1SSICO SOBRE FUNDO PRETO \u2013 124<\/span> <span class=\"meta-nav\">&rarr;<\/span><\/a><\/p>\n","protected":false},"author":1,"featured_media":0,"comment_status":"open","ping_status":"open","sticky":false,"template":"","format":"standard","meta":[],"categories":[656,167],"tags":[15,45,16],"_links":{"self":[{"href":"http:\/\/crisbottallo.com.br\/blog\/index.php?rest_route=\/wp\/v2\/posts\/198"}],"collection":[{"href":"http:\/\/crisbottallo.com.br\/blog\/index.php?rest_route=\/wp\/v2\/posts"}],"about":[{"href":"http:\/\/crisbottallo.com.br\/blog\/index.php?rest_route=\/wp\/v2\/types\/post"}],"author":[{"embeddable":true,"href":"http:\/\/crisbottallo.com.br\/blog\/index.php?rest_route=\/wp\/v2\/users\/1"}],"replies":[{"embeddable":true,"href":"http:\/\/crisbottallo.com.br\/blog\/index.php?rest_route=%2Fwp%2Fv2%2Fcomments&post=198"}],"version-history":[{"count":4,"href":"http:\/\/crisbottallo.com.br\/blog\/index.php?rest_route=\/wp\/v2\/posts\/198\/revisions"}],"predecessor-version":[{"id":18284,"href":"http:\/\/crisbottallo.com.br\/blog\/index.php?rest_route=\/wp\/v2\/posts\/198\/revisions\/18284"}],"wp:attachment":[{"href":"http:\/\/crisbottallo.com.br\/blog\/index.php?rest_route=%2Fwp%2Fv2%2Fmedia&parent=198"}],"wp:term":[{"taxonomy":"category","embeddable":true,"href":"http:\/\/crisbottallo.com.br\/blog\/index.php?rest_route=%2Fwp%2Fv2%2Fcategories&post=198"},{"taxonomy":"post_tag","embeddable":true,"href":"http:\/\/crisbottallo.com.br\/blog\/index.php?rest_route=%2Fwp%2Fv2%2Ftags&post=198"}],"curies":[{"name":"wp","href":"https:\/\/api.w.org\/{rel}","templated":true}]}}