{"id":2254,"date":"2010-08-17T15:31:56","date_gmt":"2010-08-17T18:31:56","guid":{"rendered":"http:\/\/crisbottallo.com.br\/blog\/?p=2254"},"modified":"2020-07-10T00:36:50","modified_gmt":"2020-07-10T03:36:50","slug":"os-livros-que-comprei-na-bienal","status":"publish","type":"post","link":"http:\/\/crisbottallo.com.br\/blog\/?p=2254","title":{"rendered":"Os Livros que Comprei na Bienal"},"content":{"rendered":"<p><strong>Oi, pessoal, como comentei com voc\u00eas semana passada estive na Bienal do Livro que est\u00e1 acontecendo aqui em S\u00e3o Paulo e l\u00e1 eu comprei alguns livros bem interessantes relacionados aos temas que gostamos, ent\u00e3o gostaria de compartilhar essa compra com voc\u00eas. A\u00ed v\u00e3o:<\/strong><\/p>\n<p><a href=\"http:\/\/crisbottallo.com.br\/blog\/wp-content\/uploads\/2010\/08\/bienal.jpg\"><img loading=\"lazy\" src=\"http:\/\/crisbottallo.com.br\/blog\/wp-content\/uploads\/2010\/08\/bienal.jpg\" alt=\"\" title=\"bienal\" width=\"460\" height=\"389\" class=\"alignnone size-full wp-image-2255\" srcset=\"http:\/\/crisbottallo.com.br\/blog\/wp-content\/uploads\/2010\/08\/bienal.jpg 460w, http:\/\/crisbottallo.com.br\/blog\/wp-content\/uploads\/2010\/08\/bienal-300x253.jpg 300w\" sizes=\"(max-width: 460px) 100vw, 460px\" \/><\/a><br \/>\n<strong>Esses foram os cinco livros relacionados ao tema de artes que comprei na Bienal<\/strong><\/p>\n<p>Eu sempre procuro livros que possam me inspirar, livros que tragam refer\u00eancias e ideias que poder\u00e3o me ajudar na cria\u00e7\u00e3o de novos projetos. <\/p>\n<p>O primeiro que vou apresentar me encantou sobretudo pelo tema, &#8220;A vida Secreta das \u00c1rvores&#8221;. Esse \u00e9 um trabalho do folclore indiano. Em determinada regi\u00e3o da \u00cdndia as pessoas acreditam que as \u00e1rvores t\u00eam vida pr\u00f3pria, e todos s\u00e3o artes\u00e3os que decoram suas casas e objetos com esse tema. O livro \u00e9 muito lindo e especial, sobretudo porque as p\u00e1ginas forma impressas em serigrafia. E tem um formato todo diferente, mede cerca de 24&#215;34 cm. Quando eu o vi, quase tive um &#8220;treco&#8221;. Adorei!<\/p>\n<p><a href=\"http:\/\/crisbottallo.com.br\/blog\/wp-content\/uploads\/2010\/08\/bienal2.jpg\"><img loading=\"lazy\" src=\"http:\/\/crisbottallo.com.br\/blog\/wp-content\/uploads\/2010\/08\/bienal2.jpg\" alt=\"\" title=\"bienal2\" width=\"460\" height=\"572\" class=\"alignnone size-full wp-image-2256\" srcset=\"http:\/\/crisbottallo.com.br\/blog\/wp-content\/uploads\/2010\/08\/bienal2.jpg 460w, http:\/\/crisbottallo.com.br\/blog\/wp-content\/uploads\/2010\/08\/bienal2-241x300.jpg 241w\" sizes=\"(max-width: 460px) 100vw, 460px\" \/><\/a><br \/>\n<strong>Livro &#8220;A Vida Secreta das \u00c1rvores&#8221;, da Editora Martins Fontes<\/strong><\/p>\n<p><a href=\"http:\/\/crisbottallo.com.br\/blog\/wp-content\/uploads\/2010\/08\/bienal3.jpg\"><img loading=\"lazy\" src=\"http:\/\/crisbottallo.com.br\/blog\/wp-content\/uploads\/2010\/08\/bienal3.jpg\" alt=\"\" title=\"bienal3\" width=\"460\" height=\"345\" class=\"alignnone size-full wp-image-2257\" srcset=\"http:\/\/crisbottallo.com.br\/blog\/wp-content\/uploads\/2010\/08\/bienal3.jpg 460w, http:\/\/crisbottallo.com.br\/blog\/wp-content\/uploads\/2010\/08\/bienal3-300x225.jpg 300w\" sizes=\"(max-width: 460px) 100vw, 460px\" \/><\/a><br \/>\n<strong>P\u00e1gina impressa em serigrafia do livro <\/strong><\/p>\n<p>Os dois livros que v\u00eam a seguir foram uma \u00f3tima aquisi\u00e7\u00e3o. S\u00e3o livros de gravuras vintages americanas que eu pretendo usar em trabalhos de colagens bem especiais. Um \u00e9 de tema &#8220;cozinha&#8221; e o outro algo como &#8220;f\u00e9rias na Calif\u00f3rnia&#8221;. Muito divertidos&#8230;<\/p>\n<p><a href=\"http:\/\/crisbottallo.com.br\/blog\/wp-content\/uploads\/2010\/08\/bienal4.jpg\"><img loading=\"lazy\" src=\"http:\/\/crisbottallo.com.br\/blog\/wp-content\/uploads\/2010\/08\/bienal4.jpg\" alt=\"\" title=\"bienal4\" width=\"460\" height=\"367\" class=\"alignnone size-full wp-image-2258\" srcset=\"http:\/\/crisbottallo.com.br\/blog\/wp-content\/uploads\/2010\/08\/bienal4.jpg 460w, http:\/\/crisbottallo.com.br\/blog\/wp-content\/uploads\/2010\/08\/bienal4-300x239.jpg 300w\" sizes=\"(max-width: 460px) 100vw, 460px\" \/><\/a><br \/>\n<strong>Livros de gravuras vintage<\/strong><\/p>\n<p><a href=\"http:\/\/crisbottallo.com.br\/blog\/wp-content\/uploads\/2010\/08\/bienal5.jpg\"><img loading=\"lazy\" src=\"http:\/\/crisbottallo.com.br\/blog\/wp-content\/uploads\/2010\/08\/bienal5.jpg\" alt=\"\" title=\"bienal5\" width=\"460\" height=\"345\" class=\"alignnone size-full wp-image-2259\" srcset=\"http:\/\/crisbottallo.com.br\/blog\/wp-content\/uploads\/2010\/08\/bienal5.jpg 460w, http:\/\/crisbottallo.com.br\/blog\/wp-content\/uploads\/2010\/08\/bienal5-300x225.jpg 300w\" sizes=\"(max-width: 460px) 100vw, 460px\" \/><\/a><br \/>\n<strong>Detalhe do livro de gravuras de culin\u00e1ria<\/strong><\/p>\n<p>Ambos os livros fazem parte de uma cole\u00e7\u00e3o chamada ICONS, e s\u00e3o da Editora Taschen.<\/p>\n<p><a href=\"http:\/\/crisbottallo.com.br\/blog\/wp-content\/uploads\/2010\/08\/bienal6.jpg\"><img loading=\"lazy\" src=\"http:\/\/crisbottallo.com.br\/blog\/wp-content\/uploads\/2010\/08\/bienal6.jpg\" alt=\"\" title=\"bienal6\" width=\"460\" height=\"345\" class=\"alignnone size-full wp-image-2260\" srcset=\"http:\/\/crisbottallo.com.br\/blog\/wp-content\/uploads\/2010\/08\/bienal6.jpg 460w, http:\/\/crisbottallo.com.br\/blog\/wp-content\/uploads\/2010\/08\/bienal6-300x225.jpg 300w\" sizes=\"(max-width: 460px) 100vw, 460px\" \/><\/a><br \/>\n<strong>Detalhe do livro de gravuras da Calif\u00f3rnia<\/strong><\/p>\n<p>O seguinte \u00e9 sobre um tema que me interessa muito, os s\u00edmbolos e seus significados. Eu at\u00e9 j\u00e1 tenho uma boa cole\u00e7\u00e3o com outros exemplares sobre o mesmo tema. Al\u00e9m de me ajudar como um cat\u00e1logo de refer\u00eancias, entender o significado dos s\u00edmbolos d\u00e1 uma dimens\u00e3o muito especial aos nossos trabalhos, por isso estou sempre procurando publica\u00e7\u00f5es assim.<\/p>\n<p><a href=\"http:\/\/crisbottallo.com.br\/blog\/wp-content\/uploads\/2010\/08\/bienal7.jpg\"><img loading=\"lazy\" src=\"http:\/\/crisbottallo.com.br\/blog\/wp-content\/uploads\/2010\/08\/bienal7.jpg\" alt=\"\" title=\"bienal7\" width=\"460\" height=\"550\" class=\"alignnone size-full wp-image-2261\" srcset=\"http:\/\/crisbottallo.com.br\/blog\/wp-content\/uploads\/2010\/08\/bienal7.jpg 460w, http:\/\/crisbottallo.com.br\/blog\/wp-content\/uploads\/2010\/08\/bienal7-250x300.jpg 250w\" sizes=\"(max-width: 460px) 100vw, 460px\" \/><\/a><br \/>\n<strong>Livro &#8220;Sinais e S\u00edmbolos &#8211; Origem, Hist\u00f3ria e Significado&#8221; da Editora H.Fullmann<\/strong><\/p>\n<p><a href=\"http:\/\/crisbottallo.com.br\/blog\/wp-content\/uploads\/2010\/08\/bienal8.jpg\"><img loading=\"lazy\" src=\"http:\/\/crisbottallo.com.br\/blog\/wp-content\/uploads\/2010\/08\/bienal8.jpg\" alt=\"\" title=\"bienal8\" width=\"460\" height=\"345\" class=\"alignnone size-full wp-image-2262\" srcset=\"http:\/\/crisbottallo.com.br\/blog\/wp-content\/uploads\/2010\/08\/bienal8.jpg 460w, http:\/\/crisbottallo.com.br\/blog\/wp-content\/uploads\/2010\/08\/bienal8-300x225.jpg 300w\" sizes=\"(max-width: 460px) 100vw, 460px\" \/><\/a><br \/>\n<strong>Detalhe do livro sobre s\u00edmbolos<\/strong><\/p>\n<p>E, por fim, comprei um livro sobre cores, outro tema muito presente em minha biblioteca. Ali\u00e1s, se voc\u00eas t\u00eam assistido \u00e0s MINIAULAS j\u00e1 devem te visto minha biblioteca do ateli\u00ea, eu tenho gravado os v\u00eddeos na mesa alta de encaderna\u00e7\u00e3o que tenho por l\u00e1, e as estantes de livros fazem parte do &#8220;cen\u00e1rio&#8221;&#8230;<\/p>\n<p><a href=\"http:\/\/crisbottallo.com.br\/blog\/wp-content\/uploads\/2010\/08\/bienal9.jpg\"><img loading=\"lazy\" src=\"http:\/\/crisbottallo.com.br\/blog\/wp-content\/uploads\/2010\/08\/bienal9.jpg\" alt=\"\" title=\"bienal9\" width=\"460\" height=\"467\" class=\"alignnone size-full wp-image-2263\" srcset=\"http:\/\/crisbottallo.com.br\/blog\/wp-content\/uploads\/2010\/08\/bienal9.jpg 460w, http:\/\/crisbottallo.com.br\/blog\/wp-content\/uploads\/2010\/08\/bienal9-295x300.jpg 295w\" sizes=\"(max-width: 460px) 100vw, 460px\" \/><\/a><br \/>\n<strong>Livro &#8220;A Intera\u00e7\u00e3o da Cor&#8221;, de Josef Albers, da Editora Martins Fontes<\/strong><\/p>\n<p>\u00c9 um livro bem bacana, que fala da intera\u00e7\u00e3o das cores, como combin\u00e1-las e fazer composi\u00e7\u00f5es, um livro que ensina a us\u00e1-las. Nem preciso dizer como isso \u00e9 importante para meu trabalho, n\u00e3o \u00e9 mesmo?<\/p>\n<p><a href=\"http:\/\/crisbottallo.com.br\/blog\/wp-content\/uploads\/2010\/08\/bienal10.jpg\"><img loading=\"lazy\" src=\"http:\/\/crisbottallo.com.br\/blog\/wp-content\/uploads\/2010\/08\/bienal10.jpg\" alt=\"\" title=\"bienal10\" width=\"460\" height=\"345\" class=\"alignnone size-full wp-image-2264\" srcset=\"http:\/\/crisbottallo.com.br\/blog\/wp-content\/uploads\/2010\/08\/bienal10.jpg 460w, http:\/\/crisbottallo.com.br\/blog\/wp-content\/uploads\/2010\/08\/bienal10-300x225.jpg 300w\" sizes=\"(max-width: 460px) 100vw, 460px\" \/><\/a><br \/>\n<strong>Detalhe do livro sobre as cores<\/strong><\/p>\n<p>Ali\u00e1s, falando em cores, em breve vou retomar o tema em um dos <em>posts<\/em>, j\u00e1 estou preparando o material&#8230; Eu adoro falar e escrever sobre isso, como voc\u00eas j\u00e1 devem ter notado. Bem, \u00e9 isso, pessoal, esses foram os livros que encontrei na Bienal. Ficam as sugest\u00f5es aqui para voc\u00eas!<br \/>\nUm abra\u00e7o a todos!<br \/>\nCristina<\/p>\n<p><script type=\"text\/javascript\"><!--\ngoogle_ad_client = \"pub-9518983180152168\";\n\/* 468x60, criado 10\/07\/10 *\/\ngoogle_ad_slot = \"2365267377\";\ngoogle_ad_width = 468;\ngoogle_ad_height = 60;\n\/\/-->\n<\/script><br \/>\n<script type=\"text\/javascript\"\nsrc=\"http:\/\/pagead2.googlesyndication.com\/pagead\/show_ads.js\">\n<\/script><\/p>\n","protected":false},"excerpt":{"rendered":"<p>Oi, pessoal, como comentei com voc\u00eas semana passada estive na Bienal do Livro que est\u00e1 acontecendo aqui em S\u00e3o Paulo e l\u00e1 eu comprei alguns livros bem interessantes relacionados aos temas que gostamos, ent\u00e3o gostaria de compartilhar essa compra com voc\u00eas. A\u00ed v\u00e3o: Esses foram os cinco livros relacionados ao tema de artes que comprei &hellip; <a href=\"http:\/\/crisbottallo.com.br\/blog\/?p=2254\" class=\"more-link\">Continue lendo <span class=\"screen-reader-text\">Os Livros que Comprei na Bienal<\/span> <span class=\"meta-nav\">&rarr;<\/span><\/a><\/p>\n","protected":false},"author":1,"featured_media":0,"comment_status":"open","ping_status":"open","sticky":false,"template":"","format":"standard","meta":[],"categories":[12],"tags":[344,342,343,345],"_links":{"self":[{"href":"http:\/\/crisbottallo.com.br\/blog\/index.php?rest_route=\/wp\/v2\/posts\/2254"}],"collection":[{"href":"http:\/\/crisbottallo.com.br\/blog\/index.php?rest_route=\/wp\/v2\/posts"}],"about":[{"href":"http:\/\/crisbottallo.com.br\/blog\/index.php?rest_route=\/wp\/v2\/types\/post"}],"author":[{"embeddable":true,"href":"http:\/\/crisbottallo.com.br\/blog\/index.php?rest_route=\/wp\/v2\/users\/1"}],"replies":[{"embeddable":true,"href":"http:\/\/crisbottallo.com.br\/blog\/index.php?rest_route=%2Fwp%2Fv2%2Fcomments&post=2254"}],"version-history":[{"count":6,"href":"http:\/\/crisbottallo.com.br\/blog\/index.php?rest_route=\/wp\/v2\/posts\/2254\/revisions"}],"predecessor-version":[{"id":18333,"href":"http:\/\/crisbottallo.com.br\/blog\/index.php?rest_route=\/wp\/v2\/posts\/2254\/revisions\/18333"}],"wp:attachment":[{"href":"http:\/\/crisbottallo.com.br\/blog\/index.php?rest_route=%2Fwp%2Fv2%2Fmedia&parent=2254"}],"wp:term":[{"taxonomy":"category","embeddable":true,"href":"http:\/\/crisbottallo.com.br\/blog\/index.php?rest_route=%2Fwp%2Fv2%2Fcategories&post=2254"},{"taxonomy":"post_tag","embeddable":true,"href":"http:\/\/crisbottallo.com.br\/blog\/index.php?rest_route=%2Fwp%2Fv2%2Ftags&post=2254"}],"curies":[{"name":"wp","href":"https:\/\/api.w.org\/{rel}","templated":true}]}}