{"id":236,"date":"2010-06-02T12:08:07","date_gmt":"2010-06-02T15:08:07","guid":{"rendered":"http:\/\/blog.cristinabottallo.art.br\/2010\/06\/02\/bandejas-com-papel-colorido-154\/"},"modified":"2020-07-10T00:29:20","modified_gmt":"2020-07-10T03:29:20","slug":"bandejas-com-papel-colorido-154","status":"publish","type":"post","link":"http:\/\/crisbottallo.com.br\/blog\/?p=236","title":{"rendered":"BANDEJAS COM PAPEL COLORIDO \u2013 154"},"content":{"rendered":"<p><strong>Bom dia a todos!<\/p>\n<p>Os dias v\u00e3o transcorrendo como deve ser, e ao contr\u00e1rio da nossa expectativa, as coisas nem sempre caminham numa linha cont\u00ednua&#8230; Meu pai ainda est\u00e1 muito sonolento, e de segunda para c\u00e1 quase n\u00e3o apresentou mudan\u00e7as. Isso \u00e9 agoniante, mas devo confessar que estou procurando aproveitar essa situa\u00e7\u00e3o para exercer minha toler\u00e2ncia, uma qualidade que os instrutores de y\u00f4ga sempre procuram desenvolver em seus alunos e disc\u00edpulos. Ser tolerante com os outros, com a situa\u00e7\u00e3o e consigo mesmo, uma qualidade e tanto!<\/p>\n<p>Meu dias tamb\u00e9m t\u00eam passado de um jeito bem diferente do que eu gostaria: quando consigo ir para o ateli\u00ea, sempre tenho a impress\u00e3o que o tempo n\u00e3o deu para nada. Quando n\u00e3o consigo \u00e9 pior ainda, mas tenho que ser paciente, eu sei. Mas, apesar de tudo, estou conseguindo fazer algumas coisas e at\u00e9 j\u00e1 tenho dois trabalhos novos e prontos para colocar aqui, amanh\u00e3 vou fotograf\u00e1-los e em breve ser\u00e3o publicados. \u00c9 isso, a vida continua&#8230;<\/strong><\/p>\n<p>Vamos \u00e0 sugest\u00e3o de hoje:<\/p>\n<p><a href=\"http:\/\/crisbottallo.com.br\/blog\/wp-content\/uploads\/2010\/06\/pap\u00e9is-com-vitreo-3.jpg\"><img loading=\"lazy\" src=\"http:\/\/crisbottallo.com.br\/blog\/wp-content\/uploads\/2010\/06\/pap\u00e9is-com-vitreo-3-300x267.jpg\" alt=\"\" title=\"pap\u00e9is com vitreo 3\" width=\"300\" height=\"267\" class=\"alignnone size-medium wp-image-558\" srcset=\"http:\/\/crisbottallo.com.br\/blog\/wp-content\/uploads\/2010\/06\/pap\u00e9is-com-vitreo-3-300x267.jpg 300w, http:\/\/crisbottallo.com.br\/blog\/wp-content\/uploads\/2010\/06\/pap\u00e9is-com-vitreo-3.jpg 490w\" sizes=\"(max-width: 300px) 100vw, 300px\" \/><\/a><br \/>\n<strong>Bandeja cora\u00e7\u00e3o<\/strong><\/p>\n<p>Esse trabalho \u00e9 mais uma varia\u00e7\u00e3o da t\u00e9cnica de colagem de pap\u00e9is coloridos que apresentei nos <em>posts <\/em>107 e 132, depois d\u00eaem uma olhadinha&#8230;<\/p>\n<p>A proposta \u00e9 pintar v\u00e1rios pap\u00e9is tipo canson (um pouco mais grosso, com 180 de gramatura, no m\u00ednimo) com tinta acr\u00edlica decorativa de acabamento brilhante e depois fazer a colagem desses pap\u00e9is em pe\u00e7as decorativas ou utilit\u00e1rias.<\/p>\n<p>A colagem deve ser feita com cola branca pr\u00f3pria para artesanato, e a pintura das pe\u00e7as de madeira ou MDF (no caso, a bandeja) tamb\u00e9m deve ser feita com as tintas acr\u00edlicas brilhantes. Essas tintas s\u00e3o pr\u00f3prias para artesanato, mas diferentemente das tintas decorativas foscas, que s\u00e3o bem opacas e mais &#8220;cubritivas&#8221;, as tintas brilhantes s\u00e3o mais transparentes, por isso s\u00e3o necess\u00e1rias mais dem\u00e3os para conseguir uma boa cobertura.<\/p>\n<p>As pe\u00e7as de MDF n\u00e3o precisam ser lixadas nem preparadas com base, a pintura deve ser feita diretamente com as tintas, e as dem\u00e3os devem ser aplicadas sempre com um tempo de secagem entre cada uma delas.<\/p>\n<p>A pe\u00e7a acima foi pintada com duas cores, o laranja e o azul celeste, e para fazer o desenho do centro da bandeja eu escolhi pap\u00e9is pintados em tons de azul, amarelo e vermelho, para combinar bem com as cores da pe\u00e7a. Vejam outra sugest\u00e3o de cores e desenho:<\/p>\n<p><a href=\"http:\/\/crisbottallo.com.br\/blog\/wp-content\/uploads\/2010\/06\/pap\u00e9is-com-vitreo-2.jpg\"><img loading=\"lazy\" src=\"http:\/\/crisbottallo.com.br\/blog\/wp-content\/uploads\/2010\/06\/pap\u00e9is-com-vitreo-2-300x255.jpg\" alt=\"\" title=\"pap\u00e9is com vitreo 2\" width=\"300\" height=\"255\" class=\"alignnone size-medium wp-image-559\" srcset=\"http:\/\/crisbottallo.com.br\/blog\/wp-content\/uploads\/2010\/06\/pap\u00e9is-com-vitreo-2-300x255.jpg 300w, http:\/\/crisbottallo.com.br\/blog\/wp-content\/uploads\/2010\/06\/pap\u00e9is-com-vitreo-2.jpg 490w\" sizes=\"(max-width: 300px) 100vw, 300px\" \/><\/a><br \/>\n<strong>Bandeja com espiral<\/strong><\/p>\n<p>Nessa outra bandeja eu escolhi tons de vermelho e verde. \u00c9 sempre bacana utilizarmos cores complementares, como nos modelos acima, em tons variados, dessa maneira os motivos s\u00e3o valorizados e os desenhos nem precisam ser muito elaborados para que o resultado fique bacana.<\/p>\n<p>Como as pe\u00e7as sugeridas s\u00e3o bandejas, portanto ser\u00e3o utilizadas, eu apliquei a Vitreo Resina L\u00edquida sobre a colagem ap\u00f3s a secagem completa. Esse produto \u00e9 uma resina que fica bem dura e resisntente, podendo at\u00e9 ser lavada. Para aplic\u00e1-la, a pe\u00e7a deve ter um rebaixo, espa\u00e7o que ser\u00e1 preenchido pela resina. Prepare a resina conforme as instru\u00e7\u00f5es da embalagem (s\u00e3o dois produtos, a resina e o endurecedor), despeje sobre a pe\u00e7a e aguarde 72 horas de secagem completa.<\/p>\n<p>Gostaram? Espero que sim&#8230;<\/p>\n<p>Bem, visitem meu site, como sempre eu sugiro. \u00c9 o <a href=\"http:\/\/www.cristinabottallo.com.br\">www.cristinabottallo.com.br <\/a>e at\u00e9 amanh\u00e3!<\/p>\n<p><script type=\"text\/javascript\"><!--\ngoogle_ad_client = \"pub-9518983180152168\";\n\/* 468x60, criado 10\/07\/10 *\/\ngoogle_ad_slot = \"2365267377\";\ngoogle_ad_width = 468;\ngoogle_ad_height = 60;\n\/\/-->\n<\/script><br \/>\n<script type=\"text\/javascript\"\nsrc=\"http:\/\/pagead2.googlesyndication.com\/pagead\/show_ads.js\">\n<\/script><\/p>\n","protected":false},"excerpt":{"rendered":"<p>Bom dia a todos! Os dias v\u00e3o transcorrendo como deve ser, e ao contr\u00e1rio da nossa expectativa, as coisas nem sempre caminham numa linha cont\u00ednua&#8230; Meu pai ainda est\u00e1 muito sonolento, e de segunda para c\u00e1 quase n\u00e3o apresentou mudan\u00e7as. Isso \u00e9 agoniante, mas devo confessar que estou procurando aproveitar essa situa\u00e7\u00e3o para exercer minha &hellip; <a href=\"http:\/\/crisbottallo.com.br\/blog\/?p=236\" class=\"more-link\">Continue lendo <span class=\"screen-reader-text\">BANDEJAS COM PAPEL COLORIDO \u2013 154<\/span> <span class=\"meta-nav\">&rarr;<\/span><\/a><\/p>\n","protected":false},"author":1,"featured_media":0,"comment_status":"open","ping_status":"open","sticky":false,"template":"","format":"standard","meta":[],"categories":[656,163,655],"tags":[],"_links":{"self":[{"href":"http:\/\/crisbottallo.com.br\/blog\/index.php?rest_route=\/wp\/v2\/posts\/236"}],"collection":[{"href":"http:\/\/crisbottallo.com.br\/blog\/index.php?rest_route=\/wp\/v2\/posts"}],"about":[{"href":"http:\/\/crisbottallo.com.br\/blog\/index.php?rest_route=\/wp\/v2\/types\/post"}],"author":[{"embeddable":true,"href":"http:\/\/crisbottallo.com.br\/blog\/index.php?rest_route=\/wp\/v2\/users\/1"}],"replies":[{"embeddable":true,"href":"http:\/\/crisbottallo.com.br\/blog\/index.php?rest_route=%2Fwp%2Fv2%2Fcomments&post=236"}],"version-history":[{"count":4,"href":"http:\/\/crisbottallo.com.br\/blog\/index.php?rest_route=\/wp\/v2\/posts\/236\/revisions"}],"predecessor-version":[{"id":17961,"href":"http:\/\/crisbottallo.com.br\/blog\/index.php?rest_route=\/wp\/v2\/posts\/236\/revisions\/17961"}],"wp:attachment":[{"href":"http:\/\/crisbottallo.com.br\/blog\/index.php?rest_route=%2Fwp%2Fv2%2Fmedia&parent=236"}],"wp:term":[{"taxonomy":"category","embeddable":true,"href":"http:\/\/crisbottallo.com.br\/blog\/index.php?rest_route=%2Fwp%2Fv2%2Fcategories&post=236"},{"taxonomy":"post_tag","embeddable":true,"href":"http:\/\/crisbottallo.com.br\/blog\/index.php?rest_route=%2Fwp%2Fv2%2Ftags&post=236"}],"curies":[{"name":"wp","href":"https:\/\/api.w.org\/{rel}","templated":true}]}}