{"id":246,"date":"2010-06-11T13:12:22","date_gmt":"2010-06-11T16:12:22","guid":{"rendered":"http:\/\/blog.cristinabottallo.art.br\/2010\/06\/11\/craquelado-com-estencil-163\/"},"modified":"2020-07-10T00:29:16","modified_gmt":"2020-07-10T03:29:16","slug":"craquelado-com-estencil-163","status":"publish","type":"post","link":"http:\/\/crisbottallo.com.br\/blog\/?p=246","title":{"rendered":"CRAQUELADO COM ESTENCIL \u2013 163"},"content":{"rendered":"<p><strong>Oi, pessoal, bom dia&#8230;<\/p>\n<p>Pode parecer incr\u00edvel, mas voc\u00eas n\u00e3o v\u00e3o acreditar onde fui parar ontem a noite: no pronto-socorro com meu filho Lucas, que caiu na cal\u00e7ada saindo da escola, bateu a cabe\u00e7a e teve um pequeno desmaio.<br \/>\nD\u00e1 para acreditar que com tudo que est\u00e1 acontecendo com meu pai, hospitalizado h\u00e1 um m\u00eas por causa de um trauma na cabe\u00e7a ao cair, a gente ainda tenha que levar esse susto! Afff!!!<br \/>\nFelizmente ele est\u00e1 bem, foi s\u00f3 uma concus\u00e3o e um corte, al\u00e9m de joelho e cotovelo ralados. Mas credo, que uruca!<\/p>\n<p>Ai, que saudade do tempo em que viver era f\u00e1cil!<\/strong><\/p>\n<p>Bom, chega de lamenta\u00e7\u00f5es, caso contr\u00e1rio voc\u00eas acabar achando muito chato passar por aqui e v\u00e3o parar de me visitar&#8230; Vamos ao <em>post<\/em> do dia:<\/p>\n<p><a href=\"http:\/\/crisbottallo.com.br\/blog\/wp-content\/uploads\/2010\/06\/estencil-epac.jpg\"><img loading=\"lazy\" src=\"http:\/\/crisbottallo.com.br\/blog\/wp-content\/uploads\/2010\/06\/estencil-epac.jpg\" alt=\"\" title=\"estencil epac\" width=\"490\" height=\"452\" class=\"alignnone size-full wp-image-475\" srcset=\"http:\/\/crisbottallo.com.br\/blog\/wp-content\/uploads\/2010\/06\/estencil-epac.jpg 490w, http:\/\/crisbottallo.com.br\/blog\/wp-content\/uploads\/2010\/06\/estencil-epac-300x276.jpg 300w\" sizes=\"(max-width: 490px) 100vw, 490px\" \/><\/a><br \/>\nCraquelado com estencil<\/p>\n<p>A t\u00e9cnica que vou sugerir hoje \u00e9 bonita e decorativa, al\u00e9m de ser muito vers\u00e1til. Um craquelado b\u00e1sico para o fundo de uma pe\u00e7a de MDF ou madeira com um motivo floral decorando, feito ocm est\u00eancil e tinta em relevo com EPAC. N\u00e3o pensem que \u00e9 complicado, vou explicar tudinho&#8230;<\/p>\n<p>Mas antes de ensinar como fazer, quero comentar sobre a aplaica\u00e7\u00e3o desse trabalho. O modelo acima \u00e9 um quadrinho feito com uma moldura tipo tampa de caixa em MDF. Mas voc\u00ea spoder\u00e3o fazer essa mesma t\u00e9cnica em caixas e outras pe\u00e7as do mesmo material, e at\u00e9 em pequenos m\u00f3veis, como criado-mudos, mesinhas de canto, aparadores. Fica bem legal&#8230;<\/p>\n<p><strong>Para Fazer o Craquelado:<\/strong><\/p>\n<p>&#8211; Prepare a pe\u00e7a com a cor de tinta acr\u00edlica fosca que voc\u00ea desejar. No modelo acim eu utilizei o asul cer\u00faleo. Aplique de duas a tr\u00eas dem\u00e3os da tinta, intercalando secagem. N\u00e3o precisa passar fundo antes se a pe\u00e7a for de MDF.<\/p>\n<p>&#8211; O craquelado foi feito com o verniz craquel\u00ea, que craquela tinta acr\u00edlica, e eu utilizei a tinta branca. Aplique uma camada espessa do verniz craquel\u00ea em toda pe\u00e7a com um pincel chato, largo e de p\u00ealos macios.<\/p>\n<p>&#8211; Aguarde 20 minutos, at\u00e9 que o verniz comece a secar e fique levemente ondulado sobre a pe\u00e7a.<\/p>\n<p>&#8211; Utilizando outro pincel de p\u00ealos macios e a tinta acr\u00edlica branca ligeiramente dilu\u00edda com \u00e1gua, aplique uma \u00fanica camada da tinta, sem pincelar, ou seja, passando o pincel em uma \u00fanica dire\u00e7\u00e3o e uma \u00fanica vez, sem repetir a aplica\u00e7\u00e3o no mesmo ponto.<\/p>\n<p>&#8211; Aguarde secagem e craquelamento completo por 24 horas. Para fazer as lateriais da ciaxa ou moldura, aguarde sempre que um lado esteja pronto para depois fazer o outro. \u00c9 um processo mais demorado, mas o resultado \u00e9 muito melhor.<\/p>\n<p><strong>Para Fazer a Pintura com Est\u00eancil:<\/strong><\/p>\n<p>&#8211; Prepare as tintas acr\u00edlicas foscas nas cores que voc\u00ea deseja aplicar misturando-as com o EPAC. Esse produto \u00e9 um espessante das tintas acr\u00edlicas, que serve para deix\u00e1-las mais consistentes e com acabamento em relevo.<\/p>\n<p>&#8211; Para preparar misture para cada colher de ch\u00e1 de tinta 3 gotas do EPAC. Utilize as tintas em seguida, as tintas preparadas com EPAC n\u00e3o podem ser reutilizadas.<\/p>\n<p>&#8211; Passe cola permanente no verso do est\u00eancil para que ele fique adesivo. Aguarde 20 minutos ap\u00f3s a aplica\u00e7\u00e3o da cola para s\u00f3 ent\u00e3o utilizar o est\u00eancil.<\/p>\n<p>&#8211; Fixe o est\u00eancil na pe\u00e7a e aplique cada cor do motivo coma s tintas preparadas com o EPAC, utilizando um esp\u00e1tula para pintura. Fa\u00e7a uma cor de cada vez.<\/p>\n<p>&#8211; Retire o et\u00eancil com cuidado, lave-o com \u00e1gua para retirar as tintas.<\/p>\n<p>&#8211; Aguarde secagem completa da pintura por 24 horas sem tocar.<\/p>\n<p>&#8211; Fa\u00e7a o acabamento da pe\u00e7a ap\u00f3s a secagem com cera em pasta incolor.<\/p>\n<p>Gostaram? \u00c9 f\u00e1cil de fazer, fica bonito e valoriza muito o trabalho com est\u00eancil, que quando feito com EPAC e as tintas em relevo fica muito mais valorizado.<\/p>\n<p>Visitem meu <a href=\"http:\/\/www.cristinabottallo.com.br\">site<\/a> para ver outras sugest\u00f5es como essa, inclusive h\u00e1 um passo no site de uma guirlanda de Natal feita com est\u00eancil e EPAC tamb\u00e9m.<\/p>\n<p>Bom dia e at\u00e9 amanh\u00e3!<\/p>\n<p><script type=\"text\/javascript\"><!--\ngoogle_ad_client = \"pub-9518983180152168\";\n\/* 468x60, criado 10\/07\/10 *\/\ngoogle_ad_slot = \"2365267377\";\ngoogle_ad_width = 468;\ngoogle_ad_height = 60;\n\/\/-->\n<\/script><br \/>\n<script type=\"text\/javascript\"\nsrc=\"http:\/\/pagead2.googlesyndication.com\/pagead\/show_ads.js\">\n<\/script><\/p>\n","protected":false},"excerpt":{"rendered":"<p>Oi, pessoal, bom dia&#8230; Pode parecer incr\u00edvel, mas voc\u00eas n\u00e3o v\u00e3o acreditar onde fui parar ontem a noite: no pronto-socorro com meu filho Lucas, que caiu na cal\u00e7ada saindo da escola, bateu a cabe\u00e7a e teve um pequeno desmaio. D\u00e1 para acreditar que com tudo que est\u00e1 acontecendo com meu pai, hospitalizado h\u00e1 um m\u00eas &hellip; <a href=\"http:\/\/crisbottallo.com.br\/blog\/?p=246\" class=\"more-link\">Continue lendo <span class=\"screen-reader-text\">CRAQUELADO COM ESTENCIL \u2013 163<\/span> <span class=\"meta-nav\">&rarr;<\/span><\/a><\/p>\n","protected":false},"author":1,"featured_media":0,"comment_status":"open","ping_status":"open","sticky":false,"template":"","format":"standard","meta":[],"categories":[656,655],"tags":[],"_links":{"self":[{"href":"http:\/\/crisbottallo.com.br\/blog\/index.php?rest_route=\/wp\/v2\/posts\/246"}],"collection":[{"href":"http:\/\/crisbottallo.com.br\/blog\/index.php?rest_route=\/wp\/v2\/posts"}],"about":[{"href":"http:\/\/crisbottallo.com.br\/blog\/index.php?rest_route=\/wp\/v2\/types\/post"}],"author":[{"embeddable":true,"href":"http:\/\/crisbottallo.com.br\/blog\/index.php?rest_route=\/wp\/v2\/users\/1"}],"replies":[{"embeddable":true,"href":"http:\/\/crisbottallo.com.br\/blog\/index.php?rest_route=%2Fwp%2Fv2%2Fcomments&post=246"}],"version-history":[{"count":3,"href":"http:\/\/crisbottallo.com.br\/blog\/index.php?rest_route=\/wp\/v2\/posts\/246\/revisions"}],"predecessor-version":[{"id":17535,"href":"http:\/\/crisbottallo.com.br\/blog\/index.php?rest_route=\/wp\/v2\/posts\/246\/revisions\/17535"}],"wp:attachment":[{"href":"http:\/\/crisbottallo.com.br\/blog\/index.php?rest_route=%2Fwp%2Fv2%2Fmedia&parent=246"}],"wp:term":[{"taxonomy":"category","embeddable":true,"href":"http:\/\/crisbottallo.com.br\/blog\/index.php?rest_route=%2Fwp%2Fv2%2Fcategories&post=246"},{"taxonomy":"post_tag","embeddable":true,"href":"http:\/\/crisbottallo.com.br\/blog\/index.php?rest_route=%2Fwp%2Fv2%2Ftags&post=246"}],"curies":[{"name":"wp","href":"https:\/\/api.w.org\/{rel}","templated":true}]}}