{"id":263,"date":"2010-06-25T12:09:20","date_gmt":"2010-06-25T14:09:20","guid":{"rendered":"http:\/\/blog.cristinabottallo.art.br\/2010\/06\/25\/fotos-da-exposicao\/"},"modified":"2020-07-10T00:36:54","modified_gmt":"2020-07-10T03:36:54","slug":"fotos-da-exposicao","status":"publish","type":"post","link":"http:\/\/crisbottallo.com.br\/blog\/?p=263","title":{"rendered":"Fotos da Exposi\u00e7\u00e3o"},"content":{"rendered":"<p>Oi, pessoal&#8230;<\/p>\n<p>Como falei para voc\u00eas, ontem fui conferiar a montagem da exposi\u00e7\u00e3o dos &#8220;Relic\u00e1rios de Frida Kahlo&#8221; no metr\u00f4 S\u00e3o Bento. E gostei muito!<\/p>\n<p><strong>Ah, e eu havia me confundido, a exposi\u00e7\u00e3o ficar\u00e1 por l\u00e1 at\u00e9 o dia 30 de Julho, ent\u00e3o voc\u00eas ainda t\u00eam um m\u00eas para visit\u00e1-la!<\/strong><\/p>\n<p>A vitrine com ilumina\u00e7\u00e3o valorizou bastante as pe\u00e7as, e o mais bacana de tudo foi que ontem mesmo eu recebi um e-mail do marketing do metr\u00f4 elogiando a exposi\u00e7\u00e3o, dizendo que a vitrine est\u00e1 fazendo muito sucesso. Isso tudo \u00e9 um alento para mim nesse momento meio complicado pelo qual estou passando.<\/p>\n<p>Bem, assim que a exposi\u00e7\u00e3o terminar e eu puder retirar as pe\u00e7as, prometo que vou fotograf\u00e1-las e fazer uma exposi\u00e7\u00e3o virtual em meu <a href=\"http:\/\/www.cristinabottallo.com.br\">site<\/a>.<\/p>\n<p><a href=\"http:\/\/crisbottallo.com.br\/blog\/wp-content\/uploads\/2010\/06\/metro.jpg\"><img loading=\"lazy\" src=\"http:\/\/crisbottallo.com.br\/blog\/wp-content\/uploads\/2010\/06\/metro-300x225.jpg\" alt=\"\" title=\"metro\" width=\"300\" height=\"225\" class=\"alignnone size-medium wp-image-395\" srcset=\"http:\/\/crisbottallo.com.br\/blog\/wp-content\/uploads\/2010\/06\/metro-300x225.jpg 300w, http:\/\/crisbottallo.com.br\/blog\/wp-content\/uploads\/2010\/06\/metro.jpg 490w\" sizes=\"(max-width: 300px) 100vw, 300px\" \/><\/a><br \/>\n<strong>Vista da exposi\u00e7\u00e3o<\/strong><\/p>\n<p><a href=\"http:\/\/crisbottallo.com.br\/blog\/wp-content\/uploads\/2010\/06\/metro2.jpg\"><img loading=\"lazy\" src=\"http:\/\/crisbottallo.com.br\/blog\/wp-content\/uploads\/2010\/06\/metro2-300x225.jpg\" alt=\"\" title=\"metro2\" width=\"300\" height=\"225\" class=\"alignnone size-medium wp-image-396\" srcset=\"http:\/\/crisbottallo.com.br\/blog\/wp-content\/uploads\/2010\/06\/metro2-300x225.jpg 300w, http:\/\/crisbottallo.com.br\/blog\/wp-content\/uploads\/2010\/06\/metro2.jpg 490w\" sizes=\"(max-width: 300px) 100vw, 300px\" \/><\/a><br \/>\n<strong>Mais uma foto&#8230;<\/strong><\/p>\n<p>Achei bacana tamb\u00e9m o fato da exposi\u00e7\u00e3o ficar no metr\u00f4 S\u00e3o Bento, justo na sa\u00edda da ladeira Porto Geral, caminho obrigat\u00f3rio para quem gosta de artesanato e vem \u00e0 S\u00e3o paulo fazer compras na regi\u00e3o da Rua 25 de Mar\u00e7o&#8230;<\/p>\n<p><a href=\"http:\/\/crisbottallo.com.br\/blog\/wp-content\/uploads\/2010\/06\/metro3.jpg\"><img loading=\"lazy\" src=\"http:\/\/crisbottallo.com.br\/blog\/wp-content\/uploads\/2010\/06\/metro3-300x225.jpg\" alt=\"\" title=\"metro3\" width=\"300\" height=\"225\" class=\"alignnone size-medium wp-image-397\" srcset=\"http:\/\/crisbottallo.com.br\/blog\/wp-content\/uploads\/2010\/06\/metro3-300x225.jpg 300w, http:\/\/crisbottallo.com.br\/blog\/wp-content\/uploads\/2010\/06\/metro3.jpg 490w\" sizes=\"(max-width: 300px) 100vw, 300px\" \/><\/a><br \/>\n<strong>Outro \u00e2ngulo<\/strong><\/p>\n<p><a href=\"http:\/\/crisbottallo.com.br\/blog\/wp-content\/uploads\/2010\/06\/metro4.jpg\"><img loading=\"lazy\" src=\"http:\/\/crisbottallo.com.br\/blog\/wp-content\/uploads\/2010\/06\/metro4-300x225.jpg\" alt=\"\" title=\"metro4\" width=\"300\" height=\"225\" class=\"alignnone size-medium wp-image-398\" srcset=\"http:\/\/crisbottallo.com.br\/blog\/wp-content\/uploads\/2010\/06\/metro4-300x225.jpg 300w, http:\/\/crisbottallo.com.br\/blog\/wp-content\/uploads\/2010\/06\/metro4.jpg 490w\" sizes=\"(max-width: 300px) 100vw, 300px\" \/><\/a><br \/>\n<strong>Cartaz da programa\u00e7\u00e3o do metr\u00f4 em junho<\/strong><\/p>\n<p>Bom, por hora \u00e9 isso, pessoal&#8230; At\u00e9 mais!<\/p>\n<p><script type=\"text\/javascript\"><!--\ngoogle_ad_client = \"pub-9518983180152168\";\n\/* 468x60, criado 10\/07\/10 *\/\ngoogle_ad_slot = \"2365267377\";\ngoogle_ad_width = 468;\ngoogle_ad_height = 60;\n\/\/-->\n<\/script><br \/>\n<script type=\"text\/javascript\"\nsrc=\"http:\/\/pagead2.googlesyndication.com\/pagead\/show_ads.js\">\n<\/script><\/p>\n","protected":false},"excerpt":{"rendered":"<p>Oi, pessoal&#8230; Como falei para voc\u00eas, ontem fui conferiar a montagem da exposi\u00e7\u00e3o dos &#8220;Relic\u00e1rios de Frida Kahlo&#8221; no metr\u00f4 S\u00e3o Bento. E gostei muito! Ah, e eu havia me confundido, a exposi\u00e7\u00e3o ficar\u00e1 por l\u00e1 at\u00e9 o dia 30 de Julho, ent\u00e3o voc\u00eas ainda t\u00eam um m\u00eas para visit\u00e1-la! A vitrine com ilumina\u00e7\u00e3o valorizou &hellip; <a href=\"http:\/\/crisbottallo.com.br\/blog\/?p=263\" class=\"more-link\">Continue lendo <span class=\"screen-reader-text\">Fotos da Exposi\u00e7\u00e3o<\/span> <span class=\"meta-nav\">&rarr;<\/span><\/a><\/p>\n","protected":false},"author":2,"featured_media":0,"comment_status":"open","ping_status":"open","sticky":false,"template":"","format":"standard","meta":[],"categories":[12],"tags":[],"_links":{"self":[{"href":"http:\/\/crisbottallo.com.br\/blog\/index.php?rest_route=\/wp\/v2\/posts\/263"}],"collection":[{"href":"http:\/\/crisbottallo.com.br\/blog\/index.php?rest_route=\/wp\/v2\/posts"}],"about":[{"href":"http:\/\/crisbottallo.com.br\/blog\/index.php?rest_route=\/wp\/v2\/types\/post"}],"author":[{"embeddable":true,"href":"http:\/\/crisbottallo.com.br\/blog\/index.php?rest_route=\/wp\/v2\/users\/2"}],"replies":[{"embeddable":true,"href":"http:\/\/crisbottallo.com.br\/blog\/index.php?rest_route=%2Fwp%2Fv2%2Fcomments&post=263"}],"version-history":[{"count":3,"href":"http:\/\/crisbottallo.com.br\/blog\/index.php?rest_route=\/wp\/v2\/posts\/263\/revisions"}],"predecessor-version":[{"id":18337,"href":"http:\/\/crisbottallo.com.br\/blog\/index.php?rest_route=\/wp\/v2\/posts\/263\/revisions\/18337"}],"wp:attachment":[{"href":"http:\/\/crisbottallo.com.br\/blog\/index.php?rest_route=%2Fwp%2Fv2%2Fmedia&parent=263"}],"wp:term":[{"taxonomy":"category","embeddable":true,"href":"http:\/\/crisbottallo.com.br\/blog\/index.php?rest_route=%2Fwp%2Fv2%2Fcategories&post=263"},{"taxonomy":"post_tag","embeddable":true,"href":"http:\/\/crisbottallo.com.br\/blog\/index.php?rest_route=%2Fwp%2Fv2%2Ftags&post=263"}],"curies":[{"name":"wp","href":"https:\/\/api.w.org\/{rel}","templated":true}]}}