{"id":270,"date":"2010-06-30T12:50:35","date_gmt":"2010-06-30T15:50:35","guid":{"rendered":"http:\/\/blog.cristinabottallo.art.br\/2010\/06\/30\/cobertura-da-mega-artesanal-2010\/"},"modified":"2020-07-10T00:36:53","modified_gmt":"2020-07-10T03:36:53","slug":"cobertura-da-mega-artesanal-2010","status":"publish","type":"post","link":"http:\/\/crisbottallo.com.br\/blog\/?p=270","title":{"rendered":"COBERTURA DA MEGA ARTESANAL 2010"},"content":{"rendered":"<p>Oi, gente, bom dia&#8230;<\/p>\n<p>Ontem eu estive na abertura da feira Mega Artesanal 2010, como havia comentado com voc\u00eas que iria. A feira inaugura para o p\u00fablico apenas hoje, ontem ela foi aberta apenas para lojistas e convidados. Eu aproveitei para ir esse dia, que \u00e9 mais sossegado, e tamb\u00e9m porque ontem foi a entrega do Pr\u00eamio Artes\u00e3o do Ano 2010.<\/p>\n<p>Nesse primeiro dia o p\u00fablico \u00e9 melhor, at\u00e9 d\u00e1 para ver o ch\u00e3o e andar nos corredores&#8230;<\/p>\n<p><a href=\"http:\/\/crisbottallo.com.br\/blog\/wp-content\/uploads\/2010\/06\/empresas.jpg\"><img loading=\"lazy\" src=\"http:\/\/crisbottallo.com.br\/blog\/wp-content\/uploads\/2010\/06\/empresas-300x225.jpg\" alt=\"\" title=\"empresas\" width=\"300\" height=\"225\" class=\"alignnone size-medium wp-image-364\" srcset=\"http:\/\/crisbottallo.com.br\/blog\/wp-content\/uploads\/2010\/06\/empresas-300x225.jpg 300w, http:\/\/crisbottallo.com.br\/blog\/wp-content\/uploads\/2010\/06\/empresas.jpg 490w\" sizes=\"(max-width: 300px) 100vw, 300px\" \/><\/a><br \/>\nNa \u00e1rea dedicada \u00e0 Ind\u00fastria, os estandes das grandes empresas se destacam, como o estande da f\u00e1brica de pinc\u00e9is Pinctore Tigre.<\/p>\n<p><a href=\"http:\/\/crisbottallo.com.br\/blog\/wp-content\/uploads\/2010\/06\/exposi\u00e7\u00e3o-moda2.jpg\"><img loading=\"lazy\" src=\"http:\/\/crisbottallo.com.br\/blog\/wp-content\/uploads\/2010\/06\/exposi\u00e7\u00e3o-moda2-245x300.jpg\" alt=\"\" title=\"exposi\u00e7\u00e3o moda2\" width=\"245\" height=\"300\" class=\"alignnone size-medium wp-image-365\" srcset=\"http:\/\/crisbottallo.com.br\/blog\/wp-content\/uploads\/2010\/06\/exposi\u00e7\u00e3o-moda2-245x300.jpg 245w, http:\/\/crisbottallo.com.br\/blog\/wp-content\/uploads\/2010\/06\/exposi\u00e7\u00e3o-moda2.jpg 490w\" sizes=\"(max-width: 245px) 100vw, 245px\" \/><\/a><br \/>\nMeus trabalhos est\u00e3o presentes na exposi\u00e7\u00e3o &#8220;Artesanato na Moda&#8221;, montada logo na entrada da feira, na \u00e1rea da Ind\u00fastria. Essas s\u00e3o duas saias criadas por mim e j\u00e1 mostradas aqui no blog.<\/p>\n<p><a href=\"http:\/\/crisbottallo.com.br\/blog\/wp-content\/uploads\/2010\/06\/blusa.jpg\"><img loading=\"lazy\" src=\"http:\/\/crisbottallo.com.br\/blog\/wp-content\/uploads\/2010\/06\/blusa-229x300.jpg\" alt=\"\" title=\"blusa\" width=\"229\" height=\"300\" class=\"alignnone size-medium wp-image-366\" srcset=\"http:\/\/crisbottallo.com.br\/blog\/wp-content\/uploads\/2010\/06\/blusa-229x300.jpg 229w, http:\/\/crisbottallo.com.br\/blog\/wp-content\/uploads\/2010\/06\/blusa.jpg 490w\" sizes=\"(max-width: 229px) 100vw, 229px\" \/><\/a><br \/>\nAinda nessa mostra, \u00f5utra cria\u00e7\u00e3o minha, uma camiseta pintada a m\u00e3o,q ue tamb\u00e9m j\u00e1 mostrei aqui no blog.<\/p>\n<p><a href=\"http:\/\/crisbottallo.com.br\/blog\/wp-content\/uploads\/2010\/06\/artesanato-digital.jpg\"><img loading=\"lazy\" src=\"http:\/\/crisbottallo.com.br\/blog\/wp-content\/uploads\/2010\/06\/artesanato-digital-300x225.jpg\" alt=\"\" title=\"artesanato digital\" width=\"300\" height=\"225\" class=\"alignnone size-medium wp-image-367\" srcset=\"http:\/\/crisbottallo.com.br\/blog\/wp-content\/uploads\/2010\/06\/artesanato-digital-300x225.jpg 300w, http:\/\/crisbottallo.com.br\/blog\/wp-content\/uploads\/2010\/06\/artesanato-digital.jpg 490w\" sizes=\"(max-width: 300px) 100vw, 300px\" \/><\/a><br \/>\nMeus DVDs tamb\u00e9m est\u00e3o na feira, \u00e0 venda no estande do Artesanato Digital.<\/p>\n<p><a href=\"http:\/\/crisbottallo.com.br\/blog\/wp-content\/uploads\/2010\/06\/expos-africa.jpg\"><img loading=\"lazy\" src=\"http:\/\/crisbottallo.com.br\/blog\/wp-content\/uploads\/2010\/06\/expos-africa-300x225.jpg\" alt=\"\" title=\"expos africa\" width=\"300\" height=\"225\" class=\"alignnone size-medium wp-image-368\" srcset=\"http:\/\/crisbottallo.com.br\/blog\/wp-content\/uploads\/2010\/06\/expos-africa-300x225.jpg 300w, http:\/\/crisbottallo.com.br\/blog\/wp-content\/uploads\/2010\/06\/expos-africa.jpg 490w\" sizes=\"(max-width: 300px) 100vw, 300px\" \/><\/a><br \/>\nExposi\u00e7\u00e3o dos trabalhos do concurso com tema &#8220;\u00c1frica&#8221;.<\/p>\n<p>A organizadora da feira \u00e9 a empresa WR, e Rita e Wander Mazotti s\u00e3o os diretores, excelentes profissionais e pessoas maravilhosas, s\u00e3o verdadeiros amigos das artes e doartesanato. Eles sempre apoiaram nosso trabalho, e incentivam todos os artes\u00e3os de uma forma muito especial, e justamente por isso a feira apresenta muitas atra\u00e7\u00f5es al\u00e9m, dos estandes de expositores: eles criaram um espa\u00e7o especial para que artes\u00e3os tamb\u00e9m pudessem expor na feira, e montaram exposi\u00e7\u00f5es de origami, kirigami, arte em cer\u00e2mica, desenhos e muito mais&#8230;<\/p>\n<p><a href=\"http:\/\/crisbottallo.com.br\/blog\/wp-content\/uploads\/2010\/06\/origami.jpg\"><img loading=\"lazy\" src=\"http:\/\/crisbottallo.com.br\/blog\/wp-content\/uploads\/2010\/06\/origami-300x225.jpg\" alt=\"\" title=\"origami\" width=\"300\" height=\"225\" class=\"alignnone size-medium wp-image-369\" srcset=\"http:\/\/crisbottallo.com.br\/blog\/wp-content\/uploads\/2010\/06\/origami-300x225.jpg 300w, http:\/\/crisbottallo.com.br\/blog\/wp-content\/uploads\/2010\/06\/origami.jpg 490w\" sizes=\"(max-width: 300px) 100vw, 300px\" \/><\/a><br \/>\nExposi\u00e7\u00e3o de origami<\/p>\n<p><a href=\"http:\/\/crisbottallo.com.br\/blog\/wp-content\/uploads\/2010\/06\/esculturas-de-embu.jpg\"><img loading=\"lazy\" src=\"http:\/\/crisbottallo.com.br\/blog\/wp-content\/uploads\/2010\/06\/esculturas-de-embu-300x225.jpg\" alt=\"\" title=\"esculturas de embu\" width=\"300\" height=\"225\" class=\"alignnone size-medium wp-image-370\" srcset=\"http:\/\/crisbottallo.com.br\/blog\/wp-content\/uploads\/2010\/06\/esculturas-de-embu-300x225.jpg 300w, http:\/\/crisbottallo.com.br\/blog\/wp-content\/uploads\/2010\/06\/esculturas-de-embu.jpg 490w\" sizes=\"(max-width: 300px) 100vw, 300px\" \/><\/a><br \/>\nEsculturas do Embu<\/p>\n<p>O Artes\u00e3o do Ano, vers\u00e3o 2010, foi a quarta edi\u00e7\u00e3o desse pr\u00eamio. E foi a festa mai bonita de todas at\u00e9 agora&#8230; Na verdade o pr\u00eamio est\u00e1 ganhando import\u00e2nica, e a cada ano somos surpreendidos com novidades. Para esse ano Marcelo preparou a seguinte surpresa: o apresentador, ator e cantor Rolando Boldrin foi quem entregou o pr\u00eamio principal, junto com a m\u00e3e do Marcelo, Dona Neide Darghan. Nessa categoria saem dois ganhadores, um pelo voto popular, pela internet, e outro pela vota\u00e7\u00e3o do j\u00fari. Os ganhadores foram Luis Moreira, pelo voto popular e Ricardo, pelo voto dos jurados.<\/p>\n<p><a href=\"http:\/\/crisbottallo.com.br\/blog\/wp-content\/uploads\/2010\/06\/Eu-e-M\u00e1.jpg\"><img loading=\"lazy\" src=\"http:\/\/crisbottallo.com.br\/blog\/wp-content\/uploads\/2010\/06\/Eu-e-M\u00e1-300x262.jpg\" alt=\"\" title=\"Eu e M\u00e1\" width=\"300\" height=\"262\" class=\"alignnone size-medium wp-image-371\" srcset=\"http:\/\/crisbottallo.com.br\/blog\/wp-content\/uploads\/2010\/06\/Eu-e-M\u00e1-300x262.jpg 300w, http:\/\/crisbottallo.com.br\/blog\/wp-content\/uploads\/2010\/06\/Eu-e-M\u00e1.jpg 490w\" sizes=\"(max-width: 300px) 100vw, 300px\" \/><\/a><br \/>\nEu e o Marcelo antes da entrega do Pr\u00eamio Artes\u00e3o do Ano 2010<\/p>\n<p><a href=\"http:\/\/crisbottallo.com.br\/blog\/wp-content\/uploads\/2010\/06\/premio2.jpg\"><img loading=\"lazy\" src=\"http:\/\/crisbottallo.com.br\/blog\/wp-content\/uploads\/2010\/06\/premio2-300x202.jpg\" alt=\"\" title=\"premio2\" width=\"300\" height=\"202\" class=\"alignnone size-medium wp-image-372\" srcset=\"http:\/\/crisbottallo.com.br\/blog\/wp-content\/uploads\/2010\/06\/premio2-300x202.jpg 300w, http:\/\/crisbottallo.com.br\/blog\/wp-content\/uploads\/2010\/06\/premio2.jpg 490w\" sizes=\"(max-width: 300px) 100vw, 300px\" \/><\/a><br \/>\nDona Neide, Rolando Bolrin e Luis Moreira<\/p>\n<p><a href=\"http:\/\/crisbottallo.com.br\/blog\/wp-content\/uploads\/2010\/06\/premio3.jpg\"><img loading=\"lazy\" src=\"http:\/\/crisbottallo.com.br\/blog\/wp-content\/uploads\/2010\/06\/premio3-300x181.jpg\" alt=\"\" title=\"premio3\" width=\"300\" height=\"181\" class=\"alignnone size-medium wp-image-373\" srcset=\"http:\/\/crisbottallo.com.br\/blog\/wp-content\/uploads\/2010\/06\/premio3-300x181.jpg 300w, http:\/\/crisbottallo.com.br\/blog\/wp-content\/uploads\/2010\/06\/premio3.jpg 490w\" sizes=\"(max-width: 300px) 100vw, 300px\" \/><\/a><br \/>\nMarcelo, Ricardo, Dona Neide e Rolando Boldrin<\/p>\n<p>Minha visita \u00e0 feira foi bem bacana, eu pude fazer essa &#8220;reportagem&#8221; jornal\u00edstica para o meu blog e at\u00e9 umas comprinhas para mim, uma nova boneca e um bolsa linda, toda bordada, afinal, como voc\u00eas sabem, eu sou apaixonada por artesanato! Depois coloco as fotos aqui. At\u00e9 amanh\u00e3, pessoal&#8230;<\/p>\n<p><script type=\"text\/javascript\"><!--\ngoogle_ad_client = \"pub-9518983180152168\";\n\/* 468x60, criado 10\/07\/10 *\/\ngoogle_ad_slot = \"2365267377\";\ngoogle_ad_width = 468;\ngoogle_ad_height = 60;\n\/\/-->\n<\/script><br \/>\n<script type=\"text\/javascript\"\nsrc=\"http:\/\/pagead2.googlesyndication.com\/pagead\/show_ads.js\">\n<\/script><\/p>\n","protected":false},"excerpt":{"rendered":"<p>Oi, gente, bom dia&#8230; Ontem eu estive na abertura da feira Mega Artesanal 2010, como havia comentado com voc\u00eas que iria. A feira inaugura para o p\u00fablico apenas hoje, ontem ela foi aberta apenas para lojistas e convidados. Eu aproveitei para ir esse dia, que \u00e9 mais sossegado, e tamb\u00e9m porque ontem foi a entrega &hellip; <a href=\"http:\/\/crisbottallo.com.br\/blog\/?p=270\" class=\"more-link\">Continue lendo <span class=\"screen-reader-text\">COBERTURA DA MEGA ARTESANAL 2010<\/span> <span class=\"meta-nav\">&rarr;<\/span><\/a><\/p>\n","protected":false},"author":1,"featured_media":0,"comment_status":"open","ping_status":"open","sticky":false,"template":"","format":"standard","meta":[],"categories":[12],"tags":[],"_links":{"self":[{"href":"http:\/\/crisbottallo.com.br\/blog\/index.php?rest_route=\/wp\/v2\/posts\/270"}],"collection":[{"href":"http:\/\/crisbottallo.com.br\/blog\/index.php?rest_route=\/wp\/v2\/posts"}],"about":[{"href":"http:\/\/crisbottallo.com.br\/blog\/index.php?rest_route=\/wp\/v2\/types\/post"}],"author":[{"embeddable":true,"href":"http:\/\/crisbottallo.com.br\/blog\/index.php?rest_route=\/wp\/v2\/users\/1"}],"replies":[{"embeddable":true,"href":"http:\/\/crisbottallo.com.br\/blog\/index.php?rest_route=%2Fwp%2Fv2%2Fcomments&post=270"}],"version-history":[{"count":3,"href":"http:\/\/crisbottallo.com.br\/blog\/index.php?rest_route=\/wp\/v2\/posts\/270\/revisions"}],"predecessor-version":[{"id":1494,"href":"http:\/\/crisbottallo.com.br\/blog\/index.php?rest_route=\/wp\/v2\/posts\/270\/revisions\/1494"}],"wp:attachment":[{"href":"http:\/\/crisbottallo.com.br\/blog\/index.php?rest_route=%2Fwp%2Fv2%2Fmedia&parent=270"}],"wp:term":[{"taxonomy":"category","embeddable":true,"href":"http:\/\/crisbottallo.com.br\/blog\/index.php?rest_route=%2Fwp%2Fv2%2Fcategories&post=270"},{"taxonomy":"post_tag","embeddable":true,"href":"http:\/\/crisbottallo.com.br\/blog\/index.php?rest_route=%2Fwp%2Fv2%2Ftags&post=270"}],"curies":[{"name":"wp","href":"https:\/\/api.w.org\/{rel}","templated":true}]}}