{"id":2972,"date":"2010-09-20T11:29:23","date_gmt":"2010-09-20T14:29:23","guid":{"rendered":"http:\/\/crisbottallo.com.br\/blog\/?p=2972"},"modified":"2020-07-10T00:28:34","modified_gmt":"2020-07-10T03:28:34","slug":"bonecas-de-pano-262","status":"publish","type":"post","link":"http:\/\/crisbottallo.com.br\/blog\/?p=2972","title":{"rendered":"BONECAS DE PANO \u2013 263"},"content":{"rendered":"<p>Ol\u00e1, pessoal bom dia&#8230;<\/p>\n<p>Fiquei devendo o bate-papo de ontem&#8230; Acabei esticando demais a programa\u00e7\u00e3o do domingo e na\u00f5 tive tempo para escrever, fica para mais tarde&#8230; Agora \u00e9 hora de trabalhar, ent\u00e3o segue o <em>post <\/em>do dia:<\/p>\n<p><a href=\"http:\/\/crisbottallo.com.br\/blog\/wp-content\/uploads\/2010\/09\/Boneca-Frida.jpg\"><img loading=\"lazy\" src=\"http:\/\/crisbottallo.com.br\/blog\/wp-content\/uploads\/2010\/09\/Boneca-Frida.jpg\" alt=\"\" title=\"Boneca Frida\" width=\"460\" height=\"799\" class=\"alignnone size-full wp-image-2973\" srcset=\"http:\/\/crisbottallo.com.br\/blog\/wp-content\/uploads\/2010\/09\/Boneca-Frida.jpg 460w, http:\/\/crisbottallo.com.br\/blog\/wp-content\/uploads\/2010\/09\/Boneca-Frida-172x300.jpg 172w\" sizes=\"(max-width: 460px) 100vw, 460px\" \/><\/a><br \/>\n<strong>Boneca Frida &#8220;loira&#8221;<\/strong><\/p>\n<p>Eu j\u00e1 comentei com voc\u00eas que a costura n\u00e3o \u00e9 exatamente meu forte, ams de vez em quando eu me aventura a fazer algumas coisinhas&#8230; Afinal, quem de n\u00f3s n\u00e3o \u00e9 louca por um tecido diferente, uma renda, uma fita? Bem, eu sou e adoro bonecas de pano tamb\u00e9m, tenho at\u00e9 uma cole\u00e7\u00e3o em minha casa. Pois bem, eu at\u00e9 ja fiz umas bonecas de pano para vender em meu ateli\u00ea em algumas ocasi\u00f5es, e sobretudo para acompanhar outros trabalhos. E confesso que nessas horas eu pedi ajuda para algumas especialistas tamb\u00e9m. E como venho resgatando umas t\u00e9cnicas do passado, resolvi trazer esse tema de volta e mostrar minhas cria\u00e7\u00f5es em bonecas. Abaixo est\u00e3o as primeiras cria\u00e7\u00f5es que fiz, para acompanhar kits de presnetes infantis:<\/p>\n<p><a href=\"http:\/\/crisbottallo.com.br\/blog\/wp-content\/uploads\/2010\/09\/bonecas.jpg\"><img loading=\"lazy\" src=\"http:\/\/crisbottallo.com.br\/blog\/wp-content\/uploads\/2010\/09\/bonecas.jpg\" alt=\"\" title=\"bonecas\" width=\"460\" height=\"763\" class=\"alignnone size-full wp-image-2978\" srcset=\"http:\/\/crisbottallo.com.br\/blog\/wp-content\/uploads\/2010\/09\/bonecas.jpg 460w, http:\/\/crisbottallo.com.br\/blog\/wp-content\/uploads\/2010\/09\/bonecas-180x300.jpg 180w\" sizes=\"(max-width: 460px) 100vw, 460px\" \/><\/a><br \/>\n<strong>Bonecas de pano da minha primeira &#8220;produ\u00e7\u00e3o&#8221;<\/strong><\/p>\n<p><a href=\"http:\/\/crisbottallo.com.br\/blog\/wp-content\/uploads\/2010\/09\/Mais-Voc\u00ea-18.jpg\"><img loading=\"lazy\" src=\"http:\/\/crisbottallo.com.br\/blog\/wp-content\/uploads\/2010\/09\/Mais-Voc\u00ea-18-225x300.jpg\" alt=\"\" title=\"Mais Voc\u00ea 18\" width=\"225\" height=\"300\" class=\"alignleft size-medium wp-image-2974\" srcset=\"http:\/\/crisbottallo.com.br\/blog\/wp-content\/uploads\/2010\/09\/Mais-Voc\u00ea-18-225x300.jpg 225w, http:\/\/crisbottallo.com.br\/blog\/wp-content\/uploads\/2010\/09\/Mais-Voc\u00ea-18.jpg 460w\" sizes=\"(max-width: 225px) 100vw, 225px\" \/><\/a><\/p>\n<p><a href=\"http:\/\/crisbottallo.com.br\/blog\/wp-content\/uploads\/2010\/09\/Mais-Voc\u00ea.jpg\"><img loading=\"lazy\" src=\"http:\/\/crisbottallo.com.br\/blog\/wp-content\/uploads\/2010\/09\/Mais-Voc\u00ea-300x225.jpg\" alt=\"\" title=\"Mais Voc\u00ea\" width=\"300\" height=\"225\" class=\"alignright size-medium wp-image-2975\" srcset=\"http:\/\/crisbottallo.com.br\/blog\/wp-content\/uploads\/2010\/09\/Mais-Voc\u00ea-300x225.jpg 300w, http:\/\/crisbottallo.com.br\/blog\/wp-content\/uploads\/2010\/09\/Mais-Voc\u00ea.jpg 460w\" sizes=\"(max-width: 300px) 100vw, 300px\" \/><\/a><\/p>\n<p><a href=\"http:\/\/crisbottallo.com.br\/blog\/wp-content\/uploads\/2010\/09\/Mais-Voc\u00ea-13.jpg\"><img loading=\"lazy\" src=\"http:\/\/crisbottallo.com.br\/blog\/wp-content\/uploads\/2010\/09\/Mais-Voc\u00ea-13-229x300.jpg\" alt=\"\" title=\"Mais Voc\u00ea 13\" width=\"229\" height=\"300\" class=\"alignleft size-medium wp-image-2976\" srcset=\"http:\/\/crisbottallo.com.br\/blog\/wp-content\/uploads\/2010\/09\/Mais-Voc\u00ea-13-229x300.jpg 229w, http:\/\/crisbottallo.com.br\/blog\/wp-content\/uploads\/2010\/09\/Mais-Voc\u00ea-13.jpg 460w\" sizes=\"(max-width: 229px) 100vw, 229px\" \/><\/a><\/p>\n<p>O modelo acima (da Frida) foi feito ano passado, quando eu montei minha primeira vers\u00e3o da exposi\u00e7\u00e3o de Relic\u00e1rios da Frida Kahlo. Na \u00e9poca imaginei colocar uma boneca da Frida na Vitrine da Livraria Cia da Leitura, local dessa primeira exposi\u00e7\u00e3o. Mas bem quando eu estava trabalhando nesse projeto fui convidada para participar do programa de 10 anos do Mais Voc\u00ea, com a Ana Maria, ano passado, eu outubro. A produ\u00e7\u00e3o pediu para 10 artes\u00e3os prepararem cada um uma boneca inspirada na Ana, ent\u00e3o eu acabei fazendo uma Frida loira.<\/p>\n<p>Realmente minha boneca n\u00e3o ficou nada parecida com a Ana, mas eu gostei bastante do resultado. Tamb\u00e9m contei com a ajuda das costureiras de uma ONG (Projeto Arrast\u00e3o) para me ajudar com a montagem da boneca. Ao lado voc\u00eas podem ver as fotos do evento, alguns dos artes\u00e3os que estavam l\u00e1 tamb\u00e9m e o Marcelo Darghan com sua boneca, que foi escolhida pelos convidados da Ana como a boneca mais parecida e bacana do grupo. E realmente, a boneca do Marcelo ficou a cara da Ana!<\/p>\n<p>Mas o que eu gostei mesmo foi de dar um toque do meu trabalho nessa boneca, com os apliques de tecido pintado e com termolina recoretados em forma de cora\u00e7\u00f5es e espalhados no vestido, as pecinhas de bijuterias brdadas na roupa e no cabelo e o cora\u00e7\u00e3ozinho s\u00edmbolo do meu ateli\u00ea no bra\u00e7o. Gostei! E ainda vou fazer mais&#8230;<\/p>\n<p><strong>N\u00e3o percam o <em>post <\/em>de amanh\u00e3 coma  t\u00e9cnica de Miniaturas que vou apresentar hoje na TV, ok?<br \/>\nAbra\u00e7os!<br \/>\n<\/strong><br \/>\n<script type=\"text\/javascript\"><!--\ngoogle_ad_client = \"pub-9518983180152168\";\n\/* 468x60, criado 10\/07\/10 *\/\ngoogle_ad_slot = \"2365267377\";\ngoogle_ad_width = 468;\ngoogle_ad_height = 60;\n\/\/-->\n<\/script><br \/>\n<script type=\"text\/javascript\"\nsrc=\"http:\/\/pagead2.googlesyndication.com\/pagead\/show_ads.js\">\n<\/script><\/p>\n","protected":false},"excerpt":{"rendered":"<p>Ol\u00e1, pessoal bom dia&#8230; Fiquei devendo o bate-papo de ontem&#8230; Acabei esticando demais a programa\u00e7\u00e3o do domingo e na\u00f5 tive tempo para escrever, fica para mais tarde&#8230; Agora \u00e9 hora de trabalhar, ent\u00e3o segue o post do dia: Boneca Frida &#8220;loira&#8221; Eu j\u00e1 comentei com voc\u00eas que a costura n\u00e3o \u00e9 exatamente meu forte, ams &hellip; <a href=\"http:\/\/crisbottallo.com.br\/blog\/?p=2972\" class=\"more-link\">Continue lendo <span class=\"screen-reader-text\">BONECAS DE PANO \u2013 263<\/span> <span class=\"meta-nav\">&rarr;<\/span><\/a><\/p>\n","protected":false},"author":1,"featured_media":0,"comment_status":"open","ping_status":"open","sticky":false,"template":"","format":"standard","meta":[],"categories":[656,162],"tags":[160,86],"_links":{"self":[{"href":"http:\/\/crisbottallo.com.br\/blog\/index.php?rest_route=\/wp\/v2\/posts\/2972"}],"collection":[{"href":"http:\/\/crisbottallo.com.br\/blog\/index.php?rest_route=\/wp\/v2\/posts"}],"about":[{"href":"http:\/\/crisbottallo.com.br\/blog\/index.php?rest_route=\/wp\/v2\/types\/post"}],"author":[{"embeddable":true,"href":"http:\/\/crisbottallo.com.br\/blog\/index.php?rest_route=\/wp\/v2\/users\/1"}],"replies":[{"embeddable":true,"href":"http:\/\/crisbottallo.com.br\/blog\/index.php?rest_route=%2Fwp%2Fv2%2Fcomments&post=2972"}],"version-history":[{"count":6,"href":"http:\/\/crisbottallo.com.br\/blog\/index.php?rest_route=\/wp\/v2\/posts\/2972\/revisions"}],"predecessor-version":[{"id":18207,"href":"http:\/\/crisbottallo.com.br\/blog\/index.php?rest_route=\/wp\/v2\/posts\/2972\/revisions\/18207"}],"wp:attachment":[{"href":"http:\/\/crisbottallo.com.br\/blog\/index.php?rest_route=%2Fwp%2Fv2%2Fmedia&parent=2972"}],"wp:term":[{"taxonomy":"category","embeddable":true,"href":"http:\/\/crisbottallo.com.br\/blog\/index.php?rest_route=%2Fwp%2Fv2%2Fcategories&post=2972"},{"taxonomy":"post_tag","embeddable":true,"href":"http:\/\/crisbottallo.com.br\/blog\/index.php?rest_route=%2Fwp%2Fv2%2Ftags&post=2972"}],"curies":[{"name":"wp","href":"https:\/\/api.w.org\/{rel}","templated":true}]}}