{"id":2993,"date":"2010-09-20T22:27:54","date_gmt":"2010-09-21T01:27:54","guid":{"rendered":"http:\/\/crisbottallo.com.br\/blog\/?p=2993"},"modified":"2020-07-10T00:50:56","modified_gmt":"2020-07-10T03:50:56","slug":"um-pouquinho-de-conversa","status":"publish","type":"post","link":"http:\/\/crisbottallo.com.br\/blog\/?p=2993","title":{"rendered":"Um pouquinho de conversa&#8230;"},"content":{"rendered":"<p><strong>Oi, gente, boa noite&#8230;<br \/>\nAndo correndo tanto esse dias que nem tive mais tempo de conversar como voc\u00eas, n\u00e3o \u00e9 mesmo?<\/p>\n<p>Pois \u00e9, mas felizmente coisas boas est\u00e3o vindo por a\u00ed&#8230;<\/strong><\/p>\n<p>Para come\u00e7ar, finalmente marquei uma data para inaugurar meu ateli\u00ea: ser\u00e1 no dia 16 de outubro, para que ele seja libriano assim como eu&#8230; A inaugura\u00e7\u00e3o ser\u00e1 uma reuni\u00e3o familiar, para poucas pessoas, mas vou registrar tudo e mostrar aqui, \u00e9 claro.<\/p>\n<p>O mais bacana sobre essa inaugura\u00e7\u00e3o \u00e9 que vou come\u00e7ar a gravar essa semana um especial sobre a montagem do meu ateli\u00ea e depois vou colocar tudo na p\u00e1gina das MINIAULAS. Vou pintar (finalmente!) o mural do meu ateli\u00ea de serigrafia, decorar o jardim da entrada, pintar a tela principal do ateli\u00ea e registrar tudo para que voc\u00eas acompanhem tamb\u00e9m.<\/p>\n<p>Meu ateli\u00ea vai funcionar inicialmente apenas com visitas marcadas, mas espero ir ampliando minhas atividades aos poucos e no ano que vem minha inten\u00e7\u00e3o \u00e9 oferecer algunbs cursos especiais, inclusive de serigrafia. E pretendo convidar algumas pessoas para darem aulas de t\u00e9cnicas diferentes por l\u00e1 tamb\u00e9m, j\u00e1 tenho at\u00e9 minha lista de professores convidados, mas n\u00e3o quero divulgar nada ainda, afinal preciso confirmar com os profissionais primeiros.<\/p>\n<p>E as novidades continuam: no final de outubro e em novembro vou organizar v\u00e1rias semans especiais aqui no blog: Semana Especial de Natal, apenas com sugest\u00f5es de trabalhos natalinos; Semana Especial das T\u00e9cnicas que n\u00f3s Adoramos, com uma sele\u00e7\u00e3o das t\u00e9cnicas preferidas de todas n\u00f3s e muito mais. Mas o resto \u00e9 surepresa, ainda n\u00e3o posso contar!<\/p>\n<p>Tamb\u00e9m pretendo organizar meu primeiro bazar de Natal no final de novembro at\u00e9 o Natal, com algumas sugest\u00f5es bacanas de presentes, lembran\u00e7as, emabalagens e cart\u00f5es. A\u00ed \u00e9 claro que vou convidar todas voc\u00eas. <\/p>\n<p>E tenho pensado muito no pr\u00f3ximo ano tamb\u00e9m, j\u00e1 estou com algumas a\u00e7\u00f5es bem bacanas agendadas para 2011 e tenho pensado muito em como ser\u00e1 o meu blog no ano que vem, que mudan\u00e7as farei, quais ser\u00e3o as atra\u00e7\u00f5es que irei trazer, os projetos que vou desenvolver, essas coisas&#8230; Ent\u00e3o fiquem de olho porque n\u00e3o v\u00e3o faltar novidades por aqui.<\/p>\n<p><strong>Legal! At\u00e9 o pr\u00f3ximo <em>post<\/em> e um abra\u00e7o bem apertado para voc\u00eas!<\/strong><\/p>\n<p><script type=\"text\/javascript\"><!--\ngoogle_ad_client = \"pub-9518983180152168\";\n\/* 468x60, criado 10\/07\/10 *\/\ngoogle_ad_slot = \"2365267377\";\ngoogle_ad_width = 468;\ngoogle_ad_height = 60;\n\/\/-->\n<\/script><br \/>\n<script type=\"text\/javascript\"\nsrc=\"http:\/\/pagead2.googlesyndication.com\/pagead\/show_ads.js\">\n<\/script><\/p>\n","protected":false},"excerpt":{"rendered":"<p>Oi, gente, boa noite&#8230; Ando correndo tanto esse dias que nem tive mais tempo de conversar como voc\u00eas, n\u00e3o \u00e9 mesmo? Pois \u00e9, mas felizmente coisas boas est\u00e3o vindo por a\u00ed&#8230; Para come\u00e7ar, finalmente marquei uma data para inaugurar meu ateli\u00ea: ser\u00e1 no dia 16 de outubro, para que ele seja libriano assim como eu&#8230; &hellip; <a href=\"http:\/\/crisbottallo.com.br\/blog\/?p=2993\" class=\"more-link\">Continue lendo <span class=\"screen-reader-text\">Um pouquinho de conversa&#8230;<\/span> <span class=\"meta-nav\">&rarr;<\/span><\/a><\/p>\n","protected":false},"author":1,"featured_media":0,"comment_status":"open","ping_status":"open","sticky":false,"template":"","format":"standard","meta":[],"categories":[594],"tags":[],"_links":{"self":[{"href":"http:\/\/crisbottallo.com.br\/blog\/index.php?rest_route=\/wp\/v2\/posts\/2993"}],"collection":[{"href":"http:\/\/crisbottallo.com.br\/blog\/index.php?rest_route=\/wp\/v2\/posts"}],"about":[{"href":"http:\/\/crisbottallo.com.br\/blog\/index.php?rest_route=\/wp\/v2\/types\/post"}],"author":[{"embeddable":true,"href":"http:\/\/crisbottallo.com.br\/blog\/index.php?rest_route=\/wp\/v2\/users\/1"}],"replies":[{"embeddable":true,"href":"http:\/\/crisbottallo.com.br\/blog\/index.php?rest_route=%2Fwp%2Fv2%2Fcomments&post=2993"}],"version-history":[{"count":5,"href":"http:\/\/crisbottallo.com.br\/blog\/index.php?rest_route=\/wp\/v2\/posts\/2993\/revisions"}],"predecessor-version":[{"id":18591,"href":"http:\/\/crisbottallo.com.br\/blog\/index.php?rest_route=\/wp\/v2\/posts\/2993\/revisions\/18591"}],"wp:attachment":[{"href":"http:\/\/crisbottallo.com.br\/blog\/index.php?rest_route=%2Fwp%2Fv2%2Fmedia&parent=2993"}],"wp:term":[{"taxonomy":"category","embeddable":true,"href":"http:\/\/crisbottallo.com.br\/blog\/index.php?rest_route=%2Fwp%2Fv2%2Fcategories&post=2993"},{"taxonomy":"post_tag","embeddable":true,"href":"http:\/\/crisbottallo.com.br\/blog\/index.php?rest_route=%2Fwp%2Fv2%2Ftags&post=2993"}],"curies":[{"name":"wp","href":"https:\/\/api.w.org\/{rel}","templated":true}]}}