{"id":4610,"date":"2011-01-12T20:03:45","date_gmt":"2011-01-12T23:03:45","guid":{"rendered":"http:\/\/crisbottallo.com.br\/blog\/?p=4610"},"modified":"2020-07-10T00:49:10","modified_gmt":"2020-07-10T03:49:10","slug":"exposicao-mao-da-america-2","status":"publish","type":"post","link":"http:\/\/crisbottallo.com.br\/blog\/?p=4610","title":{"rendered":"Exposi\u00e7\u00e3o M\u00e3o da Am\u00e9rica"},"content":{"rendered":"<p>Ol\u00e1, amigas e amigos, boa noite.<\/p>\n<p>Passei o dia muito ocupada com a mat\u00e9ria que vou apresentar no programa Vida Melhor da Rede Vida, por isso n\u00e3o tive tempo de escrever antes, o que \u00e9 uma pena, porque eu queria ter contado bem antes para voc\u00eas como foi a abertura da exposi\u00e7\u00e3o ontem, no Memorial da Am\u00e9rica Latina. <\/p>\n<p>A exposi\u00e7\u00e3o est\u00e1 linda, muito bem montada, com trabalhos lindos, vale a pena visitar. Se voc\u00eas estiverem em S\u00e3o Paulo ou passarem por aqui at\u00e9 o dia 12\/02, n\u00e3o deixe, de passar por l\u00e1&#8230; Hoje vou postar algumas fotos minhas, da exposi\u00e7\u00e3o geral e do meu trabalho. Amanh\u00e3 coloco as fotos de outros trabalhos tamb\u00e9m, \u00e9 que s\u00e3o muitas obras (50, exatamente) e eu ainda preciso editar as fotos.<\/p>\n<p><a href=\"http:\/\/crisbottallo.com.br\/blog\/wp-content\/uploads\/2011\/01\/expo2.jpg\"><img loading=\"lazy\" src=\"http:\/\/crisbottallo.com.br\/blog\/wp-content\/uploads\/2011\/01\/expo2.jpg\" alt=\"\" title=\"expo2\" width=\"460\" height=\"699\" class=\"alignnone size-full wp-image-4611\" srcset=\"http:\/\/crisbottallo.com.br\/blog\/wp-content\/uploads\/2011\/01\/expo2.jpg 460w, http:\/\/crisbottallo.com.br\/blog\/wp-content\/uploads\/2011\/01\/expo2-197x300.jpg 197w\" sizes=\"(max-width: 460px) 100vw, 460px\" \/><\/a><br \/>\n<strong>Eu junto da lista de participantes<\/strong><\/p>\n<p><a href=\"http:\/\/crisbottallo.com.br\/blog\/wp-content\/uploads\/2011\/01\/expo.jpg\"><img loading=\"lazy\" src=\"http:\/\/crisbottallo.com.br\/blog\/wp-content\/uploads\/2011\/01\/expo.jpg\" alt=\"\" title=\"expo\" width=\"460\" height=\"392\" class=\"alignnone size-full wp-image-4612\" srcset=\"http:\/\/crisbottallo.com.br\/blog\/wp-content\/uploads\/2011\/01\/expo.jpg 460w, http:\/\/crisbottallo.com.br\/blog\/wp-content\/uploads\/2011\/01\/expo-300x255.jpg 300w\" sizes=\"(max-width: 460px) 100vw, 460px\" \/><\/a><br \/>\n<strong>Eu e Robert Richard, um dos curadores da exposi\u00e7\u00e3o e presidente da ABAPC (Associa\u00e7\u00e3o Brasileira de Artistas Pl\u00e1sticos de Colagem)<\/strong><\/p>\n<p><a href=\"http:\/\/crisbottallo.com.br\/blog\/wp-content\/uploads\/2011\/01\/expo3.jpg\"><img loading=\"lazy\" src=\"http:\/\/crisbottallo.com.br\/blog\/wp-content\/uploads\/2011\/01\/expo3.jpg\" alt=\"\" title=\"expo3\" width=\"460\" height=\"345\" class=\"alignnone size-full wp-image-4613\" srcset=\"http:\/\/crisbottallo.com.br\/blog\/wp-content\/uploads\/2011\/01\/expo3.jpg 460w, http:\/\/crisbottallo.com.br\/blog\/wp-content\/uploads\/2011\/01\/expo3-300x225.jpg 300w\" sizes=\"(max-width: 460px) 100vw, 460px\" \/><\/a><br \/>\n<strong>Eu e meu trabalho<\/strong><\/p>\n<p><a href=\"http:\/\/crisbottallo.com.br\/blog\/wp-content\/uploads\/2011\/01\/expo4.jpg\"><img loading=\"lazy\" src=\"http:\/\/crisbottallo.com.br\/blog\/wp-content\/uploads\/2011\/01\/expo4.jpg\" alt=\"\" title=\"expo4\" width=\"460\" height=\"345\" class=\"alignnone size-full wp-image-4614\" srcset=\"http:\/\/crisbottallo.com.br\/blog\/wp-content\/uploads\/2011\/01\/expo4.jpg 460w, http:\/\/crisbottallo.com.br\/blog\/wp-content\/uploads\/2011\/01\/expo4-300x225.jpg 300w\" sizes=\"(max-width: 460px) 100vw, 460px\" \/><\/a><br \/>\n<strong>Cerim\u00f4nia de abertura<\/strong><\/p>\n<p><strong>Sobre o programa de amanh\u00e3, escrevo daqui a pouco&#8230;<\/strong><\/p>\n<p><script type=\"text\/javascript\"><!--\ngoogle_ad_client = \"pub-9518983180152168\";\n\/* 468x60, criado 10\/07\/10 *\/\ngoogle_ad_slot = \"2365267377\";\ngoogle_ad_width = 468;\ngoogle_ad_height = 60;\n\/\/-->\n<\/script><br \/>\n<script type=\"text\/javascript\"\nsrc=\"http:\/\/pagead2.googlesyndication.com\/pagead\/show_ads.js\">\n<\/script><\/p>\n","protected":false},"excerpt":{"rendered":"<p>Ol\u00e1, amigas e amigos, boa noite. Passei o dia muito ocupada com a mat\u00e9ria que vou apresentar no programa Vida Melhor da Rede Vida, por isso n\u00e3o tive tempo de escrever antes, o que \u00e9 uma pena, porque eu queria ter contado bem antes para voc\u00eas como foi a abertura da exposi\u00e7\u00e3o ontem, no Memorial &hellip; <a href=\"http:\/\/crisbottallo.com.br\/blog\/?p=4610\" class=\"more-link\">Continue lendo <span class=\"screen-reader-text\">Exposi\u00e7\u00e3o M\u00e3o da Am\u00e9rica<\/span> <span class=\"meta-nav\">&rarr;<\/span><\/a><\/p>\n","protected":false},"author":1,"featured_media":0,"comment_status":"open","ping_status":"open","sticky":false,"template":"","format":"standard","meta":[],"categories":[594],"tags":[501,500],"_links":{"self":[{"href":"http:\/\/crisbottallo.com.br\/blog\/index.php?rest_route=\/wp\/v2\/posts\/4610"}],"collection":[{"href":"http:\/\/crisbottallo.com.br\/blog\/index.php?rest_route=\/wp\/v2\/posts"}],"about":[{"href":"http:\/\/crisbottallo.com.br\/blog\/index.php?rest_route=\/wp\/v2\/types\/post"}],"author":[{"embeddable":true,"href":"http:\/\/crisbottallo.com.br\/blog\/index.php?rest_route=\/wp\/v2\/users\/1"}],"replies":[{"embeddable":true,"href":"http:\/\/crisbottallo.com.br\/blog\/index.php?rest_route=%2Fwp%2Fv2%2Fcomments&post=4610"}],"version-history":[{"count":2,"href":"http:\/\/crisbottallo.com.br\/blog\/index.php?rest_route=\/wp\/v2\/posts\/4610\/revisions"}],"predecessor-version":[{"id":18549,"href":"http:\/\/crisbottallo.com.br\/blog\/index.php?rest_route=\/wp\/v2\/posts\/4610\/revisions\/18549"}],"wp:attachment":[{"href":"http:\/\/crisbottallo.com.br\/blog\/index.php?rest_route=%2Fwp%2Fv2%2Fmedia&parent=4610"}],"wp:term":[{"taxonomy":"category","embeddable":true,"href":"http:\/\/crisbottallo.com.br\/blog\/index.php?rest_route=%2Fwp%2Fv2%2Fcategories&post=4610"},{"taxonomy":"post_tag","embeddable":true,"href":"http:\/\/crisbottallo.com.br\/blog\/index.php?rest_route=%2Fwp%2Fv2%2Ftags&post=4610"}],"curies":[{"name":"wp","href":"https:\/\/api.w.org\/{rel}","templated":true}]}}