{"id":4793,"date":"2011-02-03T21:22:54","date_gmt":"2011-02-04T00:22:54","guid":{"rendered":"http:\/\/crisbottallo.com.br\/blog\/?p=4793"},"modified":"2020-07-10T00:49:05","modified_gmt":"2020-07-10T03:49:05","slug":"nova-exposicao-e-exposicao-mao-da-america-ultima-semana","status":"publish","type":"post","link":"http:\/\/crisbottallo.com.br\/blog\/?p=4793","title":{"rendered":"Nova exposi\u00e7\u00e3o&#8230; e exposi\u00e7\u00e3o M\u00e3o da Am\u00e9rica, \u00faltima semana."},"content":{"rendered":"<p><strong>Oi, pessoal, boa noite, bom dia (para quem chegar aqui s\u00f3 amanh\u00e3&#8230;)!<\/p>\n<p>A pr\u00f3xima semana come\u00e7a com mais uma exposi\u00e7\u00e3o. Dessa vez dois dos meus Relic\u00e1rios de Frida Kahlo estar\u00e3o na Exposi\u00e7\u00e3o &#8220;Mulher e Fantasia&#8221; no Museu Bar\u00e3o de Mau\u00e1, da Prefeitura do Munic\u00edpio de Mau\u00e1, em S\u00e3o Paulo. A abertura ser\u00e1 no dia 10\/02, \u00e0s 19h, no Museu, que fica na Av. Get\u00falio Vargas, 276, Vila Guarani &#8211; Mau\u00e1 &#8211; SP e a visita\u00e7\u00e3o poder\u00e1 ser feita at\u00e9 o dia 31\/03, das 9h \u00e0s 16h.<\/strong><\/p>\n<p><a href=\"http:\/\/crisbottallo.com.br\/blog\/wp-content\/uploads\/2011\/02\/CONVITE-maua_mulher_fantasia.jpg\"><img loading=\"lazy\" src=\"http:\/\/crisbottallo.com.br\/blog\/wp-content\/uploads\/2011\/02\/CONVITE-maua_mulher_fantasia.jpg\" alt=\"\" title=\"CONVITE maua_mulher_fantasia\" width=\"460\" height=\"472\" class=\"alignnone size-full wp-image-4794\" srcset=\"http:\/\/crisbottallo.com.br\/blog\/wp-content\/uploads\/2011\/02\/CONVITE-maua_mulher_fantasia.jpg 460w, http:\/\/crisbottallo.com.br\/blog\/wp-content\/uploads\/2011\/02\/CONVITE-maua_mulher_fantasia-292x300.jpg 292w\" sizes=\"(max-width: 460px) 100vw, 460px\" \/><\/a><\/p>\n<p>Aproveito para lembrar que a Exposi\u00e7\u00e3o M\u00e3o da Am\u00e9rica, no Memorial da Am\u00e9rica Latina, e da qual tamb\u00e9m estou participando, ir\u00e1 at\u00e9 o pr\u00f3ximo dia 12\/02. Nesse dia, \u00e0s 19h, haver\u00e1 o lan\u00e7amento do cat\u00e1logo da exposi\u00e7\u00e3o com fotos de todas as obras, e eu estarei l\u00e1, naturalmente, com muito orgulho!<\/p>\n<p><a href=\"http:\/\/crisbottallo.com.br\/blog\/wp-content\/uploads\/2011\/02\/02B-M\u00c3O-DA-AM\u00c9RICA-11-Janeiro-a-12-Fevereiro-2011-Memorial-Galeria-Marta-Traba.jpg\"><img loading=\"lazy\" src=\"http:\/\/crisbottallo.com.br\/blog\/wp-content\/uploads\/2011\/02\/02B-M\u00c3O-DA-AM\u00c9RICA-11-Janeiro-a-12-Fevereiro-2011-Memorial-Galeria-Marta-Traba.jpg\" alt=\"\" title=\"02B M\u00c3O DA AM\u00c9RICA 11 Janeiro a 12 Fevereiro 2011 Memorial Galeria Marta Traba\" width=\"460\" height=\"526\" class=\"alignnone size-full wp-image-4795\" srcset=\"http:\/\/crisbottallo.com.br\/blog\/wp-content\/uploads\/2011\/02\/02B-M\u00c3O-DA-AM\u00c9RICA-11-Janeiro-a-12-Fevereiro-2011-Memorial-Galeria-Marta-Traba.jpg 460w, http:\/\/crisbottallo.com.br\/blog\/wp-content\/uploads\/2011\/02\/02B-M\u00c3O-DA-AM\u00c9RICA-11-Janeiro-a-12-Fevereiro-2011-Memorial-Galeria-Marta-Traba-262x300.jpg 262w\" sizes=\"(max-width: 460px) 100vw, 460px\" \/><\/a><\/p>\n<p>Se puderem visitar as exposi\u00e7\u00f5es, n\u00e3o deixem de ir!<br \/>\nAbra\u00e7os&#8230;<br \/>\n<script type=\"text\/javascript\"><!--\ngoogle_ad_client = \"pub-9518983180152168\";\n\/* 468x60, criado 10\/07\/10 *\/\ngoogle_ad_slot = \"2365267377\";\ngoogle_ad_width = 468;\ngoogle_ad_height = 60;\n\/\/-->\n<\/script><br \/>\n<script type=\"text\/javascript\"\nsrc=\"http:\/\/pagead2.googlesyndication.com\/pagead\/show_ads.js\">\n<\/script><\/p>\n","protected":false},"excerpt":{"rendered":"<p>Oi, pessoal, boa noite, bom dia (para quem chegar aqui s\u00f3 amanh\u00e3&#8230;)! A pr\u00f3xima semana come\u00e7a com mais uma exposi\u00e7\u00e3o. Dessa vez dois dos meus Relic\u00e1rios de Frida Kahlo estar\u00e3o na Exposi\u00e7\u00e3o &#8220;Mulher e Fantasia&#8221; no Museu Bar\u00e3o de Mau\u00e1, da Prefeitura do Munic\u00edpio de Mau\u00e1, em S\u00e3o Paulo. A abertura ser\u00e1 no dia 10\/02, &hellip; <a href=\"http:\/\/crisbottallo.com.br\/blog\/?p=4793\" class=\"more-link\">Continue lendo <span class=\"screen-reader-text\">Nova exposi\u00e7\u00e3o&#8230; e exposi\u00e7\u00e3o M\u00e3o da Am\u00e9rica, \u00faltima semana.<\/span> <span class=\"meta-nav\">&rarr;<\/span><\/a><\/p>\n","protected":false},"author":1,"featured_media":0,"comment_status":"open","ping_status":"open","sticky":false,"template":"","format":"standard","meta":[],"categories":[594],"tags":[],"_links":{"self":[{"href":"http:\/\/crisbottallo.com.br\/blog\/index.php?rest_route=\/wp\/v2\/posts\/4793"}],"collection":[{"href":"http:\/\/crisbottallo.com.br\/blog\/index.php?rest_route=\/wp\/v2\/posts"}],"about":[{"href":"http:\/\/crisbottallo.com.br\/blog\/index.php?rest_route=\/wp\/v2\/types\/post"}],"author":[{"embeddable":true,"href":"http:\/\/crisbottallo.com.br\/blog\/index.php?rest_route=\/wp\/v2\/users\/1"}],"replies":[{"embeddable":true,"href":"http:\/\/crisbottallo.com.br\/blog\/index.php?rest_route=%2Fwp%2Fv2%2Fcomments&post=4793"}],"version-history":[{"count":6,"href":"http:\/\/crisbottallo.com.br\/blog\/index.php?rest_route=\/wp\/v2\/posts\/4793\/revisions"}],"predecessor-version":[{"id":18539,"href":"http:\/\/crisbottallo.com.br\/blog\/index.php?rest_route=\/wp\/v2\/posts\/4793\/revisions\/18539"}],"wp:attachment":[{"href":"http:\/\/crisbottallo.com.br\/blog\/index.php?rest_route=%2Fwp%2Fv2%2Fmedia&parent=4793"}],"wp:term":[{"taxonomy":"category","embeddable":true,"href":"http:\/\/crisbottallo.com.br\/blog\/index.php?rest_route=%2Fwp%2Fv2%2Fcategories&post=4793"},{"taxonomy":"post_tag","embeddable":true,"href":"http:\/\/crisbottallo.com.br\/blog\/index.php?rest_route=%2Fwp%2Fv2%2Ftags&post=4793"}],"curies":[{"name":"wp","href":"https:\/\/api.w.org\/{rel}","templated":true}]}}