{"id":5073,"date":"2011-03-10T17:07:40","date_gmt":"2011-03-10T20:07:40","guid":{"rendered":"http:\/\/crisbottallo.com.br\/blog\/?p=5073"},"modified":"2020-07-10T00:48:58","modified_gmt":"2020-07-10T03:48:58","slug":"continuando-meu-passeio-por-sao-paulo","status":"publish","type":"post","link":"http:\/\/crisbottallo.com.br\/blog\/?p=5073","title":{"rendered":"E mais um lugar bacana par visitar em S\u00e3o Paulo&#8230;"},"content":{"rendered":"<p><strong>Boa tarde!<\/p>\n<p>No mesmo dia em que visitei a Casa do Artista e almocei no Gato que Ri, passei no Memorial da Am\u00e9rica Latina para dar uma \u00faltima olhada na exposi\u00e7\u00e3o M\u00e3o da Am\u00e9rica, da qual fiz parte, e que terminou no dia 13\/02.<\/strong><\/p>\n<p><a href=\"http:\/\/crisbottallo.com.br\/blog\/wp-content\/uploads\/2011\/03\/memorial2.jpg\"><img loading=\"lazy\" src=\"http:\/\/crisbottallo.com.br\/blog\/wp-content\/uploads\/2011\/03\/memorial2.jpg\" alt=\"\" title=\"memorial2\" width=\"460\" height=\"315\" class=\"alignnone size-full wp-image-5074\" srcset=\"http:\/\/crisbottallo.com.br\/blog\/wp-content\/uploads\/2011\/03\/memorial2.jpg 460w, http:\/\/crisbottallo.com.br\/blog\/wp-content\/uploads\/2011\/03\/memorial2-300x205.jpg 300w\" sizes=\"(max-width: 460px) 100vw, 460px\" \/><\/a><br \/>\n<strong>Vista parcial do Memorial da Am\u00e9rica Latina<\/strong><\/p>\n<p>O Memorial fica no bairro da Barra Funda, em S\u00e3o Paulo, em frente \u00e0 Rodovi\u00e1ria e Metr\u00f4 Barra Funda, zona oeste da cidade. Inaugurado em 18 de mar\u00e7o de 1989, foi criado para difundir as manifesta\u00e7\u00f5es latino-americanas de criatividade e saber, sempre com o objetivo de interagir rela\u00e7\u00f5es culturais, pol\u00edticas, econ\u00f4micas e sociais. Em uma \u00e1rea com 84.480 m\u00b2, o arquiteto Oscar Niemeyer projetou o espa\u00e7o em cima de um projeto cultural desenvolvido pelo soci\u00f3logo brasileiro Darcy Ribeiro, que sempre defendeu a integra\u00e7\u00e3o da Am\u00e9rica Latina. Voc\u00eas poder\u00e3o conhecer mais sobre esse espa\u00e7o e a programa\u00e7\u00e3o cultural no Servi\u00e7o:<\/p>\n<p>Memorial da Am\u00e9rica Latina<br \/>\nAvenida Auro Soares de Moura Andrade, 664 &#8211; Barra Funda &#8211; Zona Oeste (Metr\u00f4 Barra Funda)<br \/>\nTel.: (11) 3823-4600<br \/>\nSite: <a href=\"http:\/\/www.memorial.sp.gov.br\">www.memorial.sp.gov.br<\/a><br \/>\nHor\u00e1rio: De ter\u00e7a a domingo, das 9h \u00e0s 18h &#8211; Gr\u00e1tis<\/p>\n<p><a href=\"http:\/\/crisbottallo.com.br\/blog\/wp-content\/uploads\/2011\/03\/memorial.jpg\"><img loading=\"lazy\" src=\"http:\/\/crisbottallo.com.br\/blog\/wp-content\/uploads\/2011\/03\/memorial.jpg\" alt=\"\" title=\"memorial\" width=\"460\" height=\"331\" class=\"alignnone size-full wp-image-5075\" srcset=\"http:\/\/crisbottallo.com.br\/blog\/wp-content\/uploads\/2011\/03\/memorial.jpg 460w, http:\/\/crisbottallo.com.br\/blog\/wp-content\/uploads\/2011\/03\/memorial-300x215.jpg 300w\" sizes=\"(max-width: 460px) 100vw, 460px\" \/><\/a><br \/>\n<strong>Outra vista do Memorial<\/strong><\/p>\n<p><a href=\"http:\/\/crisbottallo.com.br\/blog\/wp-content\/uploads\/2011\/03\/m\u00e3o.jpg\"><img loading=\"lazy\" src=\"http:\/\/crisbottallo.com.br\/blog\/wp-content\/uploads\/2011\/03\/m\u00e3o.jpg\" alt=\"\" title=\"m\u00e3o\" width=\"460\" height=\"652\" class=\"alignnone size-full wp-image-5084\" srcset=\"http:\/\/crisbottallo.com.br\/blog\/wp-content\/uploads\/2011\/03\/m\u00e3o.jpg 460w, http:\/\/crisbottallo.com.br\/blog\/wp-content\/uploads\/2011\/03\/m\u00e3o-211x300.jpg 211w\" sizes=\"(max-width: 460px) 100vw, 460px\" \/><\/a><br \/>\n<strong>Monumento &#8220;M\u00e3o da Am\u00e9rica&#8221;<\/strong><\/p>\n<p>A proposta da exposi\u00e7\u00e3o M\u00e3o da Am\u00e9rica foi a seguinte: 50 artistas do Brasil e de alguns pa\u00edses da Am\u00e9rica Latina receberam r\u00e9plicas do monumento M\u00e3o da Am\u00e9rica, que est\u00e1 no Memorial, e trabalharam com t\u00e9cnicas variadas, cada um expressando sua pr\u00f3pria interpreta\u00e7\u00e3o do monumento.<\/p>\n<p><a href=\"http:\/\/crisbottallo.com.br\/blog\/wp-content\/uploads\/2011\/03\/expo5.jpg\"><img loading=\"lazy\" src=\"http:\/\/crisbottallo.com.br\/blog\/wp-content\/uploads\/2011\/03\/expo5-300x170.jpg\" alt=\"\" title=\"expo5\" width=\"300\" height=\"170\" class=\"alignleft size-medium wp-image-5076\" srcset=\"http:\/\/crisbottallo.com.br\/blog\/wp-content\/uploads\/2011\/03\/expo5-300x170.jpg 300w, http:\/\/crisbottallo.com.br\/blog\/wp-content\/uploads\/2011\/03\/expo5.jpg 460w\" sizes=\"(max-width: 300px) 100vw, 300px\" \/><\/a><br \/>\n<a href=\"http:\/\/crisbottallo.com.br\/blog\/wp-content\/uploads\/2011\/03\/expo7.jpg\"><img loading=\"lazy\" src=\"http:\/\/crisbottallo.com.br\/blog\/wp-content\/uploads\/2011\/03\/expo7-300x168.jpg\" alt=\"\" title=\"expo7\" width=\"300\" height=\"168\" class=\"alignright size-medium wp-image-5077\" srcset=\"http:\/\/crisbottallo.com.br\/blog\/wp-content\/uploads\/2011\/03\/expo7-300x168.jpg 300w, http:\/\/crisbottallo.com.br\/blog\/wp-content\/uploads\/2011\/03\/expo7.jpg 460w\" sizes=\"(max-width: 300px) 100vw, 300px\" \/><\/a><br \/>\n<a href=\"http:\/\/crisbottallo.com.br\/blog\/wp-content\/uploads\/2011\/03\/expo4.jpg\"><img loading=\"lazy\" src=\"http:\/\/crisbottallo.com.br\/blog\/wp-content\/uploads\/2011\/03\/expo4-300x205.jpg\" alt=\"\" title=\"expo4\" width=\"300\" height=\"205\" class=\"alignleft size-medium wp-image-5078\" srcset=\"http:\/\/crisbottallo.com.br\/blog\/wp-content\/uploads\/2011\/03\/expo4-300x205.jpg 300w, http:\/\/crisbottallo.com.br\/blog\/wp-content\/uploads\/2011\/03\/expo4.jpg 460w\" sizes=\"(max-width: 300px) 100vw, 300px\" \/><\/a><br \/>\n<a href=\"http:\/\/crisbottallo.com.br\/blog\/wp-content\/uploads\/2011\/03\/expo3.jpg\"><img loading=\"lazy\" src=\"http:\/\/crisbottallo.com.br\/blog\/wp-content\/uploads\/2011\/03\/expo3-300x245.jpg\" alt=\"\" title=\"expo3\" width=\"300\" height=\"245\" class=\"alignright size-medium wp-image-5079\" srcset=\"http:\/\/crisbottallo.com.br\/blog\/wp-content\/uploads\/2011\/03\/expo3-300x245.jpg 300w, http:\/\/crisbottallo.com.br\/blog\/wp-content\/uploads\/2011\/03\/expo3.jpg 460w\" sizes=\"(max-width: 300px) 100vw, 300px\" \/><\/a><br \/>\n<a href=\"http:\/\/crisbottallo.com.br\/blog\/wp-content\/uploads\/2011\/03\/expo1.jpg\"><img loading=\"lazy\" src=\"http:\/\/crisbottallo.com.br\/blog\/wp-content\/uploads\/2011\/03\/expo1-300x256.jpg\" alt=\"\" title=\"expo1\" width=\"300\" height=\"256\" class=\"alignleft size-medium wp-image-5080\" srcset=\"http:\/\/crisbottallo.com.br\/blog\/wp-content\/uploads\/2011\/03\/expo1-300x256.jpg 300w, http:\/\/crisbottallo.com.br\/blog\/wp-content\/uploads\/2011\/03\/expo1.jpg 460w\" sizes=\"(max-width: 300px) 100vw, 300px\" \/><\/a><\/p>\n<p>Meu trabalho \u00e9 um relic\u00e1rio, e o nome da obra \u00e9 &#8220;Santa Latina!&#8221;. No cat\u00e1logo da exposi\u00e7\u00e3o t\u00ednhamos que colocar um pequeno texto que descrevesse nossas obras, e eu coloquei o seguinte: <\/p>\n<p>&#8220;Santa Latina, Santa Am\u00e9rica Latina! O relic\u00e1rio \u00e9 a lembran\u00e7a de que ela est\u00e1 sempre viva em n\u00f3s: as m\u00e3os da Am\u00e9rica est\u00e3o em cada elemento que a comp\u00f5em.&#8221;<\/p>\n<p>Minha inspira\u00e7\u00e3o veio dos povos de cada um dos pa\u00edses da Am\u00e9rica. S\u00e3o povos religiosos, crentes, supersticiosos. Povo que constroem, lutam, pedem. Povos que sofrem, amam, brigam, calam. E o relic\u00e1rio, repleto de artesanato, significa tudo aquilo que adoramos, que nada mais \u00e9 o que somos capazes de fazer com nossas m\u00e3os. A Am\u00e9rica Latina \u00e9 seu povo. E a rever\u00eancia que fa\u00e7o \u00e9 a todo os povos da Am\u00e9rica Latina.<\/p>\n<p>Foi interessante ver tantos trabalhos, e todos t\u00e3o diferentes. Cada pessoa cria algo particular, e isso me encanta. \u00c9 poss\u00edvel que essa exposi\u00e7\u00e3o seja montada em S\u00e3o Paulo, em outro local, e tamb\u00e9m no Rio de Janeiro, Buenos Aires e Montevid\u00e9u. Vamos aguardar&#8230;<\/p>\n<p><a href=\"http:\/\/crisbottallo.com.br\/blog\/wp-content\/uploads\/2011\/03\/expo6.jpg\"><img loading=\"lazy\" src=\"http:\/\/crisbottallo.com.br\/blog\/wp-content\/uploads\/2011\/03\/expo6.jpg\" alt=\"\" title=\"expo6\" width=\"460\" height=\"699\" class=\"alignnone size-full wp-image-5082\" srcset=\"http:\/\/crisbottallo.com.br\/blog\/wp-content\/uploads\/2011\/03\/expo6.jpg 460w, http:\/\/crisbottallo.com.br\/blog\/wp-content\/uploads\/2011\/03\/expo6-197x300.jpg 197w\" sizes=\"(max-width: 460px) 100vw, 460px\" \/><\/a><br \/>\n<strong>Santa Latina!<\/strong><\/p>\n<p><strong>Eu fiz meu relic\u00e1rio da seguinte maneira:<\/strong><\/p>\n<p>Como a m\u00e3o j\u00e1 vinha em uma tamanho padr\u00e3o, aproximadamente 30 cm. mandei fazer uma pe\u00e7a de madeira para ser usada como relic\u00e1rio usando outros modelos que j\u00e1 tinha feito antes. Pintei a pe\u00e7a com tintas acr\u00edlicas decorativas de acabamento fosco, em tons de azul e laranja.<\/p>\n<p>A base da m\u00e3o eu pintei com tinta acr\u00edlica met\u00e1lica ouro e a m\u00e3o com tinta acr\u00edlica fosca branca. Passe uma dem\u00e3o de base acr\u00edlica para artesanato antes e 3 dem\u00e3os da tinta ouro.<\/p>\n<p>Na parte interna do relic\u00e1rio eu colei papel micro-ondulado pintado de ouro. Depois colei uma renda na parte superior, cord\u00e3o decorado azul nas quinas e flores recortadas de tecido de chita, preparado com termolina leitosa. Finalizei colando chatons em formato de flores nas cores dourado e vermelho. Contornei as flores e fiz os miolos com tinta relevo glitter ouro.<\/p>\n<p>Na parte externa do relic\u00e1rio tamb\u00e9m colei as flores recortadas de tecido de chita preparado com termolina para n\u00e3o desfiar. Colei com cola pano tamb\u00e9m alguns chatons e finalizei com tinta relevo glitter ouro. Depois fiz uns arabescos com tinta met\u00e1lica ouro aplicada com o kit fine linner, a ponteira met\u00e1lica, para ficar bem fininho. Apliquei verniz spray incolor em toda pe\u00e7a, para proteger.<\/p>\n<p>Na montagem do relic\u00e1rio utilizei in\u00fameras pe\u00e7as de artesanato em miniaturas, todas trazidas de minhas viagens aqui no Brasil e em pa\u00edses como Argentina, Bol\u00edvia, Chile, Guatemala, Col\u00f4mbia, Uruguai e M\u00e9xico. tamb\u00e9m amarrei umas fitas do Sr. do Bomfim na m\u00e3o. Bem t\u00edpico do nosso pa\u00eds&#8230;<\/p>\n<p>Fiquei contente em poder usar meus artesanatos nesse trabalho. Acho que n\u00e3o poderia utilizar nada melhor. Como j\u00e1 disse a voc\u00eas, tenho o h\u00e1bito de colecionar artesanatos do mundo todo, e essa obra \u00e9 perfeita para guardar e expor parte da minha cole\u00e7\u00e3o.<\/p>\n<p>E assim terminei meu primeiro dia de passeio em S\u00e3o Paulo&#8230; mas amanh\u00e3 tem mais!<\/p>\n<p><script type=\"text\/javascript\"><!--\ngoogle_ad_client = \"pub-9518983180152168\";\n\/* 468x60, criado 10\/07\/10 *\/\ngoogle_ad_slot = \"2365267377\";\ngoogle_ad_width = 468;\ngoogle_ad_height = 60;\n\/\/-->\n<\/script><br \/>\n<script type=\"text\/javascript\"\nsrc=\"http:\/\/pagead2.googlesyndication.com\/pagead\/show_ads.js\">\n<\/script><\/p>\n","protected":false},"excerpt":{"rendered":"<p>Boa tarde! No mesmo dia em que visitei a Casa do Artista e almocei no Gato que Ri, passei no Memorial da Am\u00e9rica Latina para dar uma \u00faltima olhada na exposi\u00e7\u00e3o M\u00e3o da Am\u00e9rica, da qual fiz parte, e que terminou no dia 13\/02. Vista parcial do Memorial da Am\u00e9rica Latina O Memorial fica no &hellip; <a href=\"http:\/\/crisbottallo.com.br\/blog\/?p=5073\" class=\"more-link\">Continue lendo <span class=\"screen-reader-text\">E mais um lugar bacana par visitar em S\u00e3o Paulo&#8230;<\/span> <span class=\"meta-nav\">&rarr;<\/span><\/a><\/p>\n","protected":false},"author":1,"featured_media":0,"comment_status":"open","ping_status":"open","sticky":false,"template":"","format":"standard","meta":[],"categories":[594],"tags":[],"_links":{"self":[{"href":"http:\/\/crisbottallo.com.br\/blog\/index.php?rest_route=\/wp\/v2\/posts\/5073"}],"collection":[{"href":"http:\/\/crisbottallo.com.br\/blog\/index.php?rest_route=\/wp\/v2\/posts"}],"about":[{"href":"http:\/\/crisbottallo.com.br\/blog\/index.php?rest_route=\/wp\/v2\/types\/post"}],"author":[{"embeddable":true,"href":"http:\/\/crisbottallo.com.br\/blog\/index.php?rest_route=\/wp\/v2\/users\/1"}],"replies":[{"embeddable":true,"href":"http:\/\/crisbottallo.com.br\/blog\/index.php?rest_route=%2Fwp%2Fv2%2Fcomments&post=5073"}],"version-history":[{"count":5,"href":"http:\/\/crisbottallo.com.br\/blog\/index.php?rest_route=\/wp\/v2\/posts\/5073\/revisions"}],"predecessor-version":[{"id":18526,"href":"http:\/\/crisbottallo.com.br\/blog\/index.php?rest_route=\/wp\/v2\/posts\/5073\/revisions\/18526"}],"wp:attachment":[{"href":"http:\/\/crisbottallo.com.br\/blog\/index.php?rest_route=%2Fwp%2Fv2%2Fmedia&parent=5073"}],"wp:term":[{"taxonomy":"category","embeddable":true,"href":"http:\/\/crisbottallo.com.br\/blog\/index.php?rest_route=%2Fwp%2Fv2%2Fcategories&post=5073"},{"taxonomy":"post_tag","embeddable":true,"href":"http:\/\/crisbottallo.com.br\/blog\/index.php?rest_route=%2Fwp%2Fv2%2Ftags&post=5073"}],"curies":[{"name":"wp","href":"https:\/\/api.w.org\/{rel}","templated":true}]}}