{"id":5769,"date":"2011-05-01T11:03:02","date_gmt":"2011-05-01T14:03:02","guid":{"rendered":"http:\/\/crisbottallo.com.br\/blog\/?p=5769"},"modified":"2020-07-09T23:19:25","modified_gmt":"2020-07-10T02:19:25","slug":"dia-do-trabalhador-e-de-falar-um-pouco-sobre-trabalho-com-artesanato","status":"publish","type":"post","link":"http:\/\/crisbottallo.com.br\/blog\/?p=5769","title":{"rendered":"Dia do Trabalhador, e de falar um pouco sobre trabalho com artesanato"},"content":{"rendered":"<p><strong>Ol\u00e1 pessoal, bom dia!<\/p>\n<p>Hoje, dia 1. de maio, \u00e9 Dia do Trabalhador, um dia importante, para parabenizarmos a todos que se empenham em todas as \u00e1reas para fazer as coisas funcionarem, acontecerem. E dia de nos parabenizarmos por fazermos a nossa parte, seja em um emprego formal, com uma atividade informal, um trabalho espor\u00e1dico ou mesmo com o trabalho do dia a dia, que dedicamos \u00e0 nossa casa e fam\u00edlia.<\/strong><\/p>\n<p>E fico ainda mais feliz porque, por uma s\u00e9rie de acontecimentos, acabou coincidindo esse dia com o in\u00edcio da semana especial que preparei para falar da experi\u00eancia de trabalhar com artesanato. Desde mar\u00e7o passado, mais exatamente o dia 15\/03, quando visitei a 18. edi\u00e7\u00e3o da Craft Desing, que aconteceu no espa\u00e7o de Eventos Frei Caneca, em S\u00e3o Paulo, estava preparando essa semana especial. <\/p>\n<p><a href=\"http:\/\/crisbottallo.com.br\/blog\/wp-content\/uploads\/2011\/05\/Guia-Bons-Neg\u00f3cios-Editado.jpg\"><img loading=\"lazy\" src=\"http:\/\/crisbottallo.com.br\/blog\/wp-content\/uploads\/2011\/05\/Guia-Bons-Neg\u00f3cios-Editado-276x300.jpg\" alt=\"\" title=\"Guia Bons Neg\u00f3cios Editado\" width=\"276\" height=\"300\" class=\"alignnone size-medium wp-image-5771\" srcset=\"http:\/\/crisbottallo.com.br\/blog\/wp-content\/uploads\/2011\/05\/Guia-Bons-Neg\u00f3cios-Editado-276x300.jpg 276w, http:\/\/crisbottallo.com.br\/blog\/wp-content\/uploads\/2011\/05\/Guia-Bons-Neg\u00f3cios-Editado.jpg 460w\" sizes=\"(max-width: 276px) 100vw, 276px\" \/><\/a><\/p>\n<p><a href=\"http:\/\/crisbottallo.com.br\/blog\/wp-content\/uploads\/2011\/05\/Guia-Bons-Neg\u00f3cios-Editado-1.jpg\"><img loading=\"lazy\" src=\"http:\/\/crisbottallo.com.br\/blog\/wp-content\/uploads\/2011\/05\/Guia-Bons-Neg\u00f3cios-Editado-1-300x211.jpg\" alt=\"\" title=\"Guia Bons Neg\u00f3cios Editado 1\" width=\"300\" height=\"211\" class=\"alignnone size-medium wp-image-5772\" srcset=\"http:\/\/crisbottallo.com.br\/blog\/wp-content\/uploads\/2011\/05\/Guia-Bons-Neg\u00f3cios-Editado-1-300x211.jpg 300w, http:\/\/crisbottallo.com.br\/blog\/wp-content\/uploads\/2011\/05\/Guia-Bons-Neg\u00f3cios-Editado-1.jpg 460w\" sizes=\"(max-width: 300px) 100vw, 300px\" \/><\/a><br \/>\nI<strong>magens do Guia como ele foi publicado originalmente em 1991.<br \/>\n<\/strong><\/p>\n<p>Vou explicar desde o in\u00edcio: h\u00e1 cerca de 20 anos atr\u00e1s, quando montei meu primeiro ateli\u00ea, ainda em Santo Andr\u00e9, eu fiz uma s\u00e9rie de apostilas com t\u00e9cnicas de artesanato para venda atrav\u00e9s de reembolso postal (ainda nem sonh\u00e1vamos com internet&#8230;). E para complementar esse trabalho eu preparei tamb\u00e9m uma <em>Guia de Bons Neg\u00f3cios &#8211; Como montar seu pr\u00f3prio neg\u00f3cio em artesanato.<\/em><\/p>\n<p>A proposta do Guia era servir como um complemento para as pessoas que estavam buscando uma nova atividade com artesanato, e buscavam dicas pr\u00e1ticas de como transformar esse trabalho em um verdadeiro neg\u00f3cio. Na verdade eu nada mais fiz do que colocar a minha experi\u00eancia no papel, afinal eu tamb\u00e9m estava buscando isso, transformar meu trabalho em um neg\u00f3cio.<\/p>\n<p>E nesses e \u00faltimos tempos eu vinha imaginando como poderia trazer esse material, esse conte\u00fado, para o meu blog, afinal, al\u00e9m das t\u00e9cnicas que costumo postar sempre, sei que esse \u00e9 um tema de grande interesse para quem me visita. Pensando nisso fui visitar essa feira, a Craft Design, que para mim \u00e9 uma grande refer\u00eancia de tudo que est\u00e1 acontecendo no segmento do artesanato, e resolvi experimentar meu novo projeto para esse ano, gravar uns v\u00eddeos e entrevistas com profissionais e trazer a experi\u00eancia deles para compartilhar com voc\u00eas.<\/p>\n<p>Demorou, mas finalmente consegui editar esse v\u00eddeos e montar os textos, ent\u00e3o durante toda a pr\u00f3xima semana, de 02 a 06 de maio, irei trazer uma dessas entrevistas junto com partes do material do meu Guia Bons Neg\u00f3cios.<br \/>\nAo final dessa semana espero trazer uma s\u00e9rie de dicas, informa\u00e7\u00f5es e exemplos de experi\u00eancias que poder\u00e3o ajud\u00e1-las (os). Essa \u00e9 minha pequena contribui\u00e7\u00e3o para a melhoria da forma\u00e7\u00e3o dos nosso artes\u00e3os. E n\u00e3o haveria data melhor para fazer isso do que no Dia do Trabalhador, n\u00e3o acham?<\/p>\n<p><iframe loading=\"lazy\" title=\"Visita \u00e0 feira Craft Design\" width=\"474\" height=\"356\" src=\"https:\/\/www.youtube.com\/embed\/HZ4SzFj9ecc?feature=oembed\" frameborder=\"0\" allow=\"accelerometer; autoplay; clipboard-write; encrypted-media; gyroscope; picture-in-picture; web-share\" allowfullscreen><\/iframe><\/p>\n<p>Assistam a uma pequena amostra do que foi minha visita a Craft Design acima ou na p\u00e1gina MINIAULAS. E um \u00f3timo domingo a todos!<\/p>\n<p><script type=\"text\/javascript\"><!--\ngoogle_ad_client = \"pub-9518983180152168\";\n\/* 468x60, criado 10\/07\/10 *\/\ngoogle_ad_slot = \"2365267377\";\ngoogle_ad_width = 468;\ngoogle_ad_height = 60;\n\/\/-->\n<\/script><br \/>\n<script type=\"text\/javascript\"\nsrc=\"http:\/\/pagead2.googlesyndication.com\/pagead\/show_ads.js\">\n<\/script><\/p>\n","protected":false},"excerpt":{"rendered":"<p>Ol\u00e1 pessoal, bom dia! Hoje, dia 1. de maio, \u00e9 Dia do Trabalhador, um dia importante, para parabenizarmos a todos que se empenham em todas as \u00e1reas para fazer as coisas funcionarem, acontecerem. E dia de nos parabenizarmos por fazermos a nossa parte, seja em um emprego formal, com uma atividade informal, um trabalho espor\u00e1dico &hellip; <a href=\"http:\/\/crisbottallo.com.br\/blog\/?p=5769\" class=\"more-link\">Continue lendo <span class=\"screen-reader-text\">Dia do Trabalhador, e de falar um pouco sobre trabalho com artesanato<\/span> <span class=\"meta-nav\">&rarr;<\/span><\/a><\/p>\n","protected":false},"author":1,"featured_media":0,"comment_status":"open","ping_status":"open","sticky":false,"template":"","format":"standard","meta":[],"categories":[12],"tags":[538,537],"_links":{"self":[{"href":"http:\/\/crisbottallo.com.br\/blog\/index.php?rest_route=\/wp\/v2\/posts\/5769"}],"collection":[{"href":"http:\/\/crisbottallo.com.br\/blog\/index.php?rest_route=\/wp\/v2\/posts"}],"about":[{"href":"http:\/\/crisbottallo.com.br\/blog\/index.php?rest_route=\/wp\/v2\/types\/post"}],"author":[{"embeddable":true,"href":"http:\/\/crisbottallo.com.br\/blog\/index.php?rest_route=\/wp\/v2\/users\/1"}],"replies":[{"embeddable":true,"href":"http:\/\/crisbottallo.com.br\/blog\/index.php?rest_route=%2Fwp%2Fv2%2Fcomments&post=5769"}],"version-history":[{"count":4,"href":"http:\/\/crisbottallo.com.br\/blog\/index.php?rest_route=\/wp\/v2\/posts\/5769\/revisions"}],"predecessor-version":[{"id":5795,"href":"http:\/\/crisbottallo.com.br\/blog\/index.php?rest_route=\/wp\/v2\/posts\/5769\/revisions\/5795"}],"wp:attachment":[{"href":"http:\/\/crisbottallo.com.br\/blog\/index.php?rest_route=%2Fwp%2Fv2%2Fmedia&parent=5769"}],"wp:term":[{"taxonomy":"category","embeddable":true,"href":"http:\/\/crisbottallo.com.br\/blog\/index.php?rest_route=%2Fwp%2Fv2%2Fcategories&post=5769"},{"taxonomy":"post_tag","embeddable":true,"href":"http:\/\/crisbottallo.com.br\/blog\/index.php?rest_route=%2Fwp%2Fv2%2Ftags&post=5769"}],"curies":[{"name":"wp","href":"https:\/\/api.w.org\/{rel}","templated":true}]}}