{"id":5783,"date":"2011-05-01T18:19:57","date_gmt":"2011-05-01T21:19:57","guid":{"rendered":"http:\/\/crisbottallo.com.br\/blog\/?p=5783"},"modified":"2020-07-09T23:19:24","modified_gmt":"2020-07-10T02:19:24","slug":"o-que-e-a-craft-design","status":"publish","type":"post","link":"http:\/\/crisbottallo.com.br\/blog\/?p=5783","title":{"rendered":"O que \u00e9 a Craft Design"},"content":{"rendered":"<p>Voc\u00eas j\u00e1 sabem que andei passeando por a\u00ed, atr\u00e1s de coisas, lugares e pessoas interessantes que possam trazer informa\u00e7\u00f5es bacanas para aqueles que gostam de artesanato e trabalhos manuais como eu, como n\u00f3s.<\/p>\n<p>Esse \u00e9 meu projeto para o ano de 2011: depois de passar um ano inteiro postando t\u00e9cnicas diferentes (1 por dia!), como fiz ano passado, resolvi incluir outros tipo de conte\u00fados aqui no blog, como essa visita \u00e0 <em>Craft Design<\/em>. L\u00e1 eu conversei com uma das criadoras do evento, a Elaine Landulfo, que me recebeu e explicou um pouco sobre o evento. E que,m me acompanhou nessa nova &#8220;empreitada&#8221; foi a J\u00falia Asche, designer e amiga, que gravou as entrevistas. Ela vai me acompanhar nesse novo projeto.<\/p>\n<p>E o que \u00e9 a <em>Craft Design<\/em>?<br \/>\n<a href=\"http:\/\/crisbottallo.com.br\/blog\/wp-content\/uploads\/2011\/05\/Logo-Craft.jpg\"><img loading=\"lazy\" src=\"http:\/\/crisbottallo.com.br\/blog\/wp-content\/uploads\/2011\/05\/Logo-Craft.jpg\" alt=\"\" title=\"Logo Craft\" width=\"180\" height=\"160\" class=\"alignnone size-full wp-image-5784\" \/><\/a><br \/>\n<em>Idealizada h\u00e1 mais de 10 anos, a Craft Design \u00e9 uma feira de neg\u00f3cios que apresenta tend\u00eancias na \u00e1rea de decora\u00e7\u00e3o, design e arte. Direcionada a lojistas, fabricantes, arquitetos, decoradores e profissionais do setor em geral, a Feira promove, semestralmente, a integra\u00e7\u00e3o tanto de novos talentos, quanto de designers consagrados, com o setor produtivo e seus canais de distribui\u00e7\u00e3o.<\/p>\n<p>Desde sua cria\u00e7\u00e3o, em 2000, pelas empres\u00e1rias Daniela Cecchini e Elaine Landulfo, a Craft Design prima por um rigoroso crit\u00e9rio de sele\u00e7\u00e3o de expositores e um apurado cuidado com a visibilidade de seus projetos. O talento e a idoneidade desses expositores, somados a um excelente clima para neg\u00f3cios e um eficiente trabalho de divulga\u00e7\u00e3o, tem trazido para o evento, a cada edi\u00e7\u00e3o, empres\u00e1rios e profissionais de todo o Brasil e do exterior.<\/em>*<\/p>\n<p>* Informa\u00e7\u00f5es retiradas do site da Craft design <a href=\"http:\/\/www.craftdesign.com.br\">www.craftdesign.com.br<\/a><\/p>\n<p>A pr\u00f3xima edi\u00e7\u00e3o da Craft ser\u00e1 de 25 a 28 de agosto, das 10h \u00e0s 20h, no Terra\u00e7o Villa Daslu, em S\u00e3o Paulo. Contatos: info@craftdesign.com.br<\/p>\n<p><iframe loading=\"lazy\" title=\"Visita \u00e0 feira Craft Design\" width=\"474\" height=\"356\" src=\"https:\/\/www.youtube.com\/embed\/HZ4SzFj9ecc?feature=oembed\" frameborder=\"0\" allow=\"accelerometer; autoplay; clipboard-write; encrypted-media; gyroscope; picture-in-picture; web-share\" allowfullscreen><\/iframe><\/p>\n<p><strong>E por que eu recomendo essa feira?<br \/>\nBem, acredito que a Craft \u00e9 a principal vitrine de arte, decora\u00e7\u00e3o e design entre os eventos que ocorrem em S\u00e3o Paulo, mostrando tend\u00eancias e novidades do design mundial e com forte influ\u00eancia e presen\u00e7a de trabalhos manuais. Essa feira enche os olhos!<\/strong><\/p>\n<p><script type=\"text\/javascript\"><!--\ngoogle_ad_client = \"pub-9518983180152168\";\n\/* 468x60, criado 10\/07\/10 *\/\ngoogle_ad_slot = \"2365267377\";\ngoogle_ad_width = 468;\ngoogle_ad_height = 60;\n\/\/-->\n<\/script><br \/>\n<script type=\"text\/javascript\"\nsrc=\"http:\/\/pagead2.googlesyndication.com\/pagead\/show_ads.js\">\n<\/script><\/p>\n","protected":false},"excerpt":{"rendered":"<p>Voc\u00eas j\u00e1 sabem que andei passeando por a\u00ed, atr\u00e1s de coisas, lugares e pessoas interessantes que possam trazer informa\u00e7\u00f5es bacanas para aqueles que gostam de artesanato e trabalhos manuais como eu, como n\u00f3s. Esse \u00e9 meu projeto para o ano de 2011: depois de passar um ano inteiro postando t\u00e9cnicas diferentes (1 por dia!), como &hellip; <a href=\"http:\/\/crisbottallo.com.br\/blog\/?p=5783\" class=\"more-link\">Continue lendo <span class=\"screen-reader-text\">O que \u00e9 a Craft Design<\/span> <span class=\"meta-nav\">&rarr;<\/span><\/a><\/p>\n","protected":false},"author":1,"featured_media":0,"comment_status":"open","ping_status":"open","sticky":false,"template":"","format":"standard","meta":[],"categories":[12],"tags":[538,537,539],"_links":{"self":[{"href":"http:\/\/crisbottallo.com.br\/blog\/index.php?rest_route=\/wp\/v2\/posts\/5783"}],"collection":[{"href":"http:\/\/crisbottallo.com.br\/blog\/index.php?rest_route=\/wp\/v2\/posts"}],"about":[{"href":"http:\/\/crisbottallo.com.br\/blog\/index.php?rest_route=\/wp\/v2\/types\/post"}],"author":[{"embeddable":true,"href":"http:\/\/crisbottallo.com.br\/blog\/index.php?rest_route=\/wp\/v2\/users\/1"}],"replies":[{"embeddable":true,"href":"http:\/\/crisbottallo.com.br\/blog\/index.php?rest_route=%2Fwp%2Fv2%2Fcomments&post=5783"}],"version-history":[{"count":15,"href":"http:\/\/crisbottallo.com.br\/blog\/index.php?rest_route=\/wp\/v2\/posts\/5783\/revisions"}],"predecessor-version":[{"id":17976,"href":"http:\/\/crisbottallo.com.br\/blog\/index.php?rest_route=\/wp\/v2\/posts\/5783\/revisions\/17976"}],"wp:attachment":[{"href":"http:\/\/crisbottallo.com.br\/blog\/index.php?rest_route=%2Fwp%2Fv2%2Fmedia&parent=5783"}],"wp:term":[{"taxonomy":"category","embeddable":true,"href":"http:\/\/crisbottallo.com.br\/blog\/index.php?rest_route=%2Fwp%2Fv2%2Fcategories&post=5783"},{"taxonomy":"post_tag","embeddable":true,"href":"http:\/\/crisbottallo.com.br\/blog\/index.php?rest_route=%2Fwp%2Fv2%2Ftags&post=5783"}],"curies":[{"name":"wp","href":"https:\/\/api.w.org\/{rel}","templated":true}]}}