{"id":5863,"date":"2011-05-05T16:02:39","date_gmt":"2011-05-05T19:02:39","guid":{"rendered":"http:\/\/crisbottallo.com.br\/blog\/?p=5863"},"modified":"2020-07-09T23:19:21","modified_gmt":"2020-07-10T02:19:21","slug":"entrevista-com-o-sebrae-de-pernambuco","status":"publish","type":"post","link":"http:\/\/crisbottallo.com.br\/blog\/?p=5863","title":{"rendered":"Entrevista com o Sebrae de Pernambuco"},"content":{"rendered":"<p>Ol\u00e1, pessoal, boa tarde.<br \/>\nA entrevista que vou postar hoje foi com os consultores do Sebrae de Pernambuco, Gerlane e Alexandre.<\/p>\n<p><iframe loading=\"lazy\" title=\"Entrevista com o SEBRAE de Pernambuco\" width=\"474\" height=\"267\" src=\"https:\/\/www.youtube.com\/embed\/OoDd7BcZtdw?feature=oembed\" frameborder=\"0\" allow=\"accelerometer; autoplay; clipboard-write; encrypted-media; gyroscope; picture-in-picture; web-share\" allowfullscreen><\/iframe><\/p>\n<p>O Sebrae  faz parte de um sistema criado em 1972 &#8211; Centro Brasileiro de Apoio \u00e0 Pequena e M\u00e9dia Empresa ( Cebrae ) vinculado ao Governo Federal. A partir de 1990, a entidade transformou-se num servi\u00e7o social aut\u00f4nomo, denominado Servi\u00e7o Brasileiro de Apoio \u00e0s Micro e Pequenas Empresas &#8211; Sebrae.<br \/>\nFormalmente, trata-se de uma entidade civil sem fins econ\u00f4micos, criada pela Lei n\u00ba 8.029, de 12 de abril de 1990, regulamentada pelo Decreto n\u00ba 99.570, de 9 de outubro de 1990, posteriormente, alterada pela Lei n\u00ba 8.154, de 28 de dezembro de 1990.<br \/>\nO Sebrae-SP \u00e9 uma entidade que tem em seu conselho administrativo representantes da iniciativa privada e do setor p\u00fablico. Essa composi\u00e7\u00e3o visa sintonizar as a\u00e7\u00f5es que buscam estimular e promover as empresas de micro e pequeno porte com as pol\u00edticas de desenvolvimento econ\u00f4mico e social.<br \/>\nConstitui-se portanto, numa institui\u00e7\u00e3o que prepara os micro e pequenos empres\u00e1rios para obterem as condi\u00e7\u00f5es necess\u00e1rias para crescer e acompanhar o ritmo de uma economia competitiva.*<br \/>\n* Texto retirado do site do Sebrae<\/p>\n<p>Sebrae Pernambuco<br \/>\nContato &#8211; F\u00e1tima<br \/>\nTel: (81) 2101-8400 \/ (81) 2101-8447<br \/>\nfatimag@pe.sebrae.com.br<br \/>\n<a href=\"http:\/\/www.sebrae.com.br\/uf\/pernambuco\">www.sebrae.com.br\/uf\/pernambuco<\/a><br \/>\n<a href=\"http:\/\/www.sebrae.com.br\">www.sebrae.com.br<\/a><\/p>\n<p>No estande do Sebrae na Craft Design estavam expostos artesanatos de diversos artes\u00e3os do estado que procuraram a entidade para obter apoio em seu trabalho. Os Sebraes dos v\u00e1rios estados do Brasil costumam participar de eventos como esse, oferecendo uma oportunidade incr\u00edvel para que os artes\u00e3os possa chegar ao p\u00fablico consumidor, afinal, n\u00e3o \u00e9 nada f\u00e1cil (nem barato!) para um artes\u00e3o viajar por nosso pa\u00eds e at\u00e9 mesmo para fora, participar de feiras e levar seu trabalho. Mas com o apoio do Sebrae e de outras entidades e cooperativas, isso n\u00e3o s\u00f3 \u00e9 poss\u00edvel como pode ser tamb\u00e9m muito rent\u00e1vel.<\/p>\n<p>Mas n\u00e3o \u00e9 s\u00f3 isso que o Sebrae oferece. Na verdade ele presta assessoria em diversas \u00e1reas, e l\u00e1 voc\u00ea poder\u00e1 encontrar orienta\u00e7\u00f5es sobre como montar seu neg\u00f3cio, abrir uma empresa, calcular o pre\u00e7o de seus produtos, como administrar seu neg\u00f3cio e muito mais. Eu mesma j\u00e1 me beneficie muito do apoio do Sebrae quando estava abrindo minha micro-empresa: fiz cursos de adminstra\u00e7\u00e3o e gerenciamento de neg\u00f3cios e encontrei parceiros para a produ\u00e7\u00e3o de material de divulga\u00e7\u00e3o de meus produtos. Ali\u00e1s, o pr\u00f3ximo texto que irei publicar aqui no blog, que trata de como calcular o pre\u00e7o de vendas dos seis produtos, eu elaborei justamente ap\u00f3s passar por um curso no Sebrae. Vale a pena conhecer&#8230; <\/p>\n<p><strong>Por hora \u00e9 isso, daqui a pouco vem mais, pessoal!<\/strong><\/p>\n<p><script type=\"text\/javascript\"><!--\ngoogle_ad_client = \"pub-9518983180152168\";\n\/* 468x60, criado 10\/07\/10 *\/\ngoogle_ad_slot = \"2365267377\";\ngoogle_ad_width = 468;\ngoogle_ad_height = 60;\n\/\/-->\n<\/script><br \/>\n<script type=\"text\/javascript\"\nsrc=\"http:\/\/pagead2.googlesyndication.com\/pagead\/show_ads.js\">\n<\/script><\/p>\n","protected":false},"excerpt":{"rendered":"<p>Ol\u00e1, pessoal, boa tarde. A entrevista que vou postar hoje foi com os consultores do Sebrae de Pernambuco, Gerlane e Alexandre. O Sebrae faz parte de um sistema criado em 1972 &#8211; Centro Brasileiro de Apoio \u00e0 Pequena e M\u00e9dia Empresa ( Cebrae ) vinculado ao Governo Federal. A partir de 1990, a entidade transformou-se &hellip; <a href=\"http:\/\/crisbottallo.com.br\/blog\/?p=5863\" class=\"more-link\">Continue lendo <span class=\"screen-reader-text\">Entrevista com o Sebrae de Pernambuco<\/span> <span class=\"meta-nav\">&rarr;<\/span><\/a><\/p>\n","protected":false},"author":1,"featured_media":0,"comment_status":"open","ping_status":"open","sticky":false,"template":"","format":"standard","meta":[],"categories":[12],"tags":[544,537,539],"_links":{"self":[{"href":"http:\/\/crisbottallo.com.br\/blog\/index.php?rest_route=\/wp\/v2\/posts\/5863"}],"collection":[{"href":"http:\/\/crisbottallo.com.br\/blog\/index.php?rest_route=\/wp\/v2\/posts"}],"about":[{"href":"http:\/\/crisbottallo.com.br\/blog\/index.php?rest_route=\/wp\/v2\/types\/post"}],"author":[{"embeddable":true,"href":"http:\/\/crisbottallo.com.br\/blog\/index.php?rest_route=\/wp\/v2\/users\/1"}],"replies":[{"embeddable":true,"href":"http:\/\/crisbottallo.com.br\/blog\/index.php?rest_route=%2Fwp%2Fv2%2Fcomments&post=5863"}],"version-history":[{"count":7,"href":"http:\/\/crisbottallo.com.br\/blog\/index.php?rest_route=\/wp\/v2\/posts\/5863\/revisions"}],"predecessor-version":[{"id":17972,"href":"http:\/\/crisbottallo.com.br\/blog\/index.php?rest_route=\/wp\/v2\/posts\/5863\/revisions\/17972"}],"wp:attachment":[{"href":"http:\/\/crisbottallo.com.br\/blog\/index.php?rest_route=%2Fwp%2Fv2%2Fmedia&parent=5863"}],"wp:term":[{"taxonomy":"category","embeddable":true,"href":"http:\/\/crisbottallo.com.br\/blog\/index.php?rest_route=%2Fwp%2Fv2%2Fcategories&post=5863"},{"taxonomy":"post_tag","embeddable":true,"href":"http:\/\/crisbottallo.com.br\/blog\/index.php?rest_route=%2Fwp%2Fv2%2Ftags&post=5863"}],"curies":[{"name":"wp","href":"https:\/\/api.w.org\/{rel}","templated":true}]}}