{"id":5882,"date":"2011-05-07T10:59:07","date_gmt":"2011-05-07T13:59:07","guid":{"rendered":"http:\/\/crisbottallo.com.br\/blog\/?p=5882"},"modified":"2020-07-10T00:48:47","modified_gmt":"2020-07-10T03:48:47","slug":"um-pouquinho-de-conversa-de-novo","status":"publish","type":"post","link":"http:\/\/crisbottallo.com.br\/blog\/?p=5882","title":{"rendered":"Um pouquinho de conversa&#8230; de novo!"},"content":{"rendered":"<p>Oi, pessoal, bom dia!<\/p>\n<p>E um \u00f3timo s\u00e1bado para todas (os) voc\u00eas. Ah, como s\u00e3o bons os s\u00e1bados, n\u00e3o \u00e9 mesmo? Dia de passear, de fazer coisas diferentes daquelas que fazemos todos os outros dias da semana, dia de organizar as coisas, de fazer s\u00f3 o que a gente gosta e quer, ou mesmo dia de n\u00e3o fazer nada.<\/p>\n<p>Minha semana foi super corrida, mal pude aproveitar o &#8220;momento&#8221;, a publica\u00e7\u00e3o dos meus primeiros v\u00eddeos com entrevistas com artes\u00e3os e pessoas ligadas \u00e0 arte e ao artesanato, projeto a que pretendo me dedicar esse ano, como j\u00e1 falei a voc\u00eas&#8230; Mas quero dizer que muito ainda vir\u00e1 pela frente, e meus textos do Guia Bons Neg\u00f3cios continuar\u00e3o, ainda vou falar sobre a montagem de um ateli\u00ea, sobre como abrir uma empresa, se esse \u00e9 ou n\u00e3o  a melhor op\u00e7\u00e3o, sobre as alternativas para vendas atrav\u00e9s de entidades que ap\u00f3iam a produ\u00e7\u00e3o artesanal e muito mais, ent\u00e3o fiquem por perto, logo esses temas estar\u00e3o aqui.<\/p>\n<p>Estou passando por um per\u00edodo de concentra\u00e7\u00e3o e muita produ\u00e7\u00e3o, ainda esse m\u00eas gravarei mais dois DVDs, o segundo com a t\u00e9cnica Bauernmalerei, dessa vez focando a composi\u00e7\u00e3o de motivos, para que voc\u00eas possam aprender a criar seus pr\u00f3prios riscos. E o segundo de estudo das cores com a aplica\u00e7\u00e3o pr\u00e1tica na pintura de mandalas, com t\u00e9cnicas diferentes em vitral, tela e papel, e muitas orienta\u00e7\u00f5es sobre como fazer composi\u00e7\u00f5es com cores. <\/p>\n<p>Claro que por conta disso ando com menos tempo para o &#8220;bloguito&#8221;, mas \u00e9 uma fase, voc\u00eas devem entender&#8230; Tudo \u00e9 c\u00edclico, as coisas est\u00e3o sempre se transformando e nada (ou quase nada) \u00e9 definitivo, certo?<\/p>\n<p>Pois \u00e9&#8230; e pensando nisso, quero contar uma coisa a voc\u00eas. Quem me acompanha aqui sabe que meu pai sofreu um acidente ano passado, uma queda, fraturou a coluna e teve uma les\u00e3o bem s\u00e9ria na cabe\u00e7a. Ent\u00e3o, na segunda-feira, dia 09 de maio, vai fazer um ano que esse acidente aconteceu. Um ano! E foi justamente no domingo do Dia das M\u00e3es do ano passado&#8230;<\/p>\n<p>Meu pai ficou internado por mais de 10 meses, passou por 10 cirurgias muito s\u00e9rias, ficou em coma por quase 2 meses, na UTI por 4 meses, teve alta 3 vezes mas em todas essas ocasi\u00f5es acabou voltando para o hospital em poucos dias, enfim, travou uma luta e tanto. Mas agora finalmente, parece que ele est\u00e1 realmente se recuperando. Est\u00e1 em casa h\u00e1 cerca de um m\u00eas, come\u00e7ando a andar com ajuda de aparelhos, e, o melhor, voltando a trabalhar, a escrever suas trovas e levar sua vida com as coisas que ele gosta. Nada mal&#8230;<\/p>\n<p>Esse ano foi especial, diferente, dif\u00edcil. Mas estamos aqui, ele est\u00e1 aqui, e isso \u00e9 muito bom. Para mim, contar com voc\u00eas e esse blog foi fundamental. Sem isso, sem meu trabalho, eu n\u00e3o teria conseguido. Mais uma vez, obrigada. <\/p>\n<p>E chega de conversa s\u00e9ria, hoje \u00e9 dia de divers\u00e3o! Vou tirar o dia de hoje para fazer um roteiro art\u00edstico por S\u00e3o Paulo e visitar uma s\u00e9rie de exposi\u00e7\u00f5es. Amanh\u00e3 conto tudo para voc\u00eas. At\u00e9!<\/p>\n<p><script type=\"text\/javascript\"><!--\ngoogle_ad_client = \"pub-9518983180152168\";\n\/* 468x60, criado 10\/07\/10 *\/\ngoogle_ad_slot = \"2365267377\";\ngoogle_ad_width = 468;\ngoogle_ad_height = 60;\n\/\/-->\n<\/script><br \/>\n<script type=\"text\/javascript\"\nsrc=\"http:\/\/pagead2.googlesyndication.com\/pagead\/show_ads.js\">\n<\/script><\/p>\n","protected":false},"excerpt":{"rendered":"<p>Oi, pessoal, bom dia! E um \u00f3timo s\u00e1bado para todas (os) voc\u00eas. Ah, como s\u00e3o bons os s\u00e1bados, n\u00e3o \u00e9 mesmo? Dia de passear, de fazer coisas diferentes daquelas que fazemos todos os outros dias da semana, dia de organizar as coisas, de fazer s\u00f3 o que a gente gosta e quer, ou mesmo dia &hellip; <a href=\"http:\/\/crisbottallo.com.br\/blog\/?p=5882\" class=\"more-link\">Continue lendo <span class=\"screen-reader-text\">Um pouquinho de conversa&#8230; de novo!<\/span> <span class=\"meta-nav\">&rarr;<\/span><\/a><\/p>\n","protected":false},"author":1,"featured_media":0,"comment_status":"open","ping_status":"open","sticky":false,"template":"","format":"standard","meta":[],"categories":[594],"tags":[],"_links":{"self":[{"href":"http:\/\/crisbottallo.com.br\/blog\/index.php?rest_route=\/wp\/v2\/posts\/5882"}],"collection":[{"href":"http:\/\/crisbottallo.com.br\/blog\/index.php?rest_route=\/wp\/v2\/posts"}],"about":[{"href":"http:\/\/crisbottallo.com.br\/blog\/index.php?rest_route=\/wp\/v2\/types\/post"}],"author":[{"embeddable":true,"href":"http:\/\/crisbottallo.com.br\/blog\/index.php?rest_route=\/wp\/v2\/users\/1"}],"replies":[{"embeddable":true,"href":"http:\/\/crisbottallo.com.br\/blog\/index.php?rest_route=%2Fwp%2Fv2%2Fcomments&post=5882"}],"version-history":[{"count":4,"href":"http:\/\/crisbottallo.com.br\/blog\/index.php?rest_route=\/wp\/v2\/posts\/5882\/revisions"}],"predecessor-version":[{"id":18505,"href":"http:\/\/crisbottallo.com.br\/blog\/index.php?rest_route=\/wp\/v2\/posts\/5882\/revisions\/18505"}],"wp:attachment":[{"href":"http:\/\/crisbottallo.com.br\/blog\/index.php?rest_route=%2Fwp%2Fv2%2Fmedia&parent=5882"}],"wp:term":[{"taxonomy":"category","embeddable":true,"href":"http:\/\/crisbottallo.com.br\/blog\/index.php?rest_route=%2Fwp%2Fv2%2Fcategories&post=5882"},{"taxonomy":"post_tag","embeddable":true,"href":"http:\/\/crisbottallo.com.br\/blog\/index.php?rest_route=%2Fwp%2Fv2%2Ftags&post=5882"}],"curies":[{"name":"wp","href":"https:\/\/api.w.org\/{rel}","templated":true}]}}