{"id":6402,"date":"2011-07-18T16:32:50","date_gmt":"2011-07-18T19:32:50","guid":{"rendered":"http:\/\/crisbottallo.com.br\/blog\/?p=6402"},"modified":"2020-07-10T00:46:59","modified_gmt":"2020-07-10T03:46:59","slug":"mais-fotos-da-mega-promessas-de-materias-e-um-papinho-rapido","status":"publish","type":"post","link":"http:\/\/crisbottallo.com.br\/blog\/?p=6402","title":{"rendered":"Mais fotos da Mega, promessas de mat\u00e9rias e um &#8220;papinho&#8221; r\u00e1pido"},"content":{"rendered":"<p>Oi, pessoal, boa tarde e boa semana que come\u00e7a para voc\u00eas, para n\u00f3s.<\/p>\n<p>Eu confesso que t\u00f4 estranhando um pouco meu retorno ao trabalho depois de um tempo t\u00e3o intenso (vejam meu <em>post<\/em> de ontem) e de f\u00e9rias em seguida. T\u00f4 meio perdida! <\/p>\n<p>Mas n\u00e3o se preocupem, isso n\u00e3o dura muito, n\u00e3o, logo entro no ritmo de nvo. Hoje vou retomar em grande estilo, gravando umas duas MINIAULAS novas para meu <em>bloguito<\/em>&#8230; Voc\u00eas merecem novidades, afinal! E eu tenho pensado em novidades e coisas bacanas para movimentar esse espa\u00e7o, ent\u00e3o me aguarde!<\/p>\n<p>Por hora, publico mais umas fotos legais que tirei durante a Mega. A primeira, com minha querida Ana Maria, leitora ass\u00eddua aqui do meu blog (basta dar uma passadinha pelos coment\u00e1rios deixados aqui para encontr\u00e1-la):<\/p>\n<p><a href=\"http:\/\/crisbottallo.com.br\/blog\/wp-content\/uploads\/2011\/07\/Eu-e-Ana-Maria.jpg\"><img loading=\"lazy\" src=\"http:\/\/crisbottallo.com.br\/blog\/wp-content\/uploads\/2011\/07\/Eu-e-Ana-Maria.jpg\" alt=\"\" title=\"Eu e Ana Maria\" width=\"460\" height=\"345\" class=\"alignnone size-full wp-image-6405\" srcset=\"http:\/\/crisbottallo.com.br\/blog\/wp-content\/uploads\/2011\/07\/Eu-e-Ana-Maria.jpg 460w, http:\/\/crisbottallo.com.br\/blog\/wp-content\/uploads\/2011\/07\/Eu-e-Ana-Maria-300x225.jpg 300w\" sizes=\"(max-width: 460px) 100vw, 460px\" \/><\/a><br \/>\n<strong>Eu e Ana Maria<\/strong><\/p>\n<p>Ela \u00e9 simp\u00e1tica, linda, sorridente&#8230; Adorei encontr\u00e1-la, pena que \u00e9 muito corrido na feira e n\u00e3o tivemos como conversar muito, mas foi muito bom conhec\u00ea-la pessoalmente.<\/p>\n<p>Depois quero mostrar essa foto minha com dois artistas e amigos querid\u00edssimos, Marcelo Darghan e Denise Meneghello. Eles estavam juntos em um projeto na Mega Casa, o quarto do casal, que ficou \u00f3timo, ali\u00e1s&#8230; A Denise estava com o stand de sua loja de Pintura em Seda e Feltragem, a Prince. Os trabalhos dela s\u00e3o maravilhosos, lindos, de bom gosto, f\u00e1ceis de fazer&#8230; E o Marcelo&#8230; bem o Marcelo n\u00e3o preciso dizer nada, ele organizou a entrada da feira e o Pr\u00eamio Artes\u00e3o do Ano, \u00e9 meu melhor amigo e uma pessoa incr\u00edvel. Que mais posso querer?<\/p>\n<p><a href=\"http:\/\/crisbottallo.com.br\/blog\/wp-content\/uploads\/2011\/07\/Eu-De-e-Ma.jpg\"><img loading=\"lazy\" src=\"http:\/\/crisbottallo.com.br\/blog\/wp-content\/uploads\/2011\/07\/Eu-De-e-Ma.jpg\" alt=\"\" title=\"Eu, De e Ma\" width=\"460\" height=\"307\" class=\"alignnone size-full wp-image-6406\" srcset=\"http:\/\/crisbottallo.com.br\/blog\/wp-content\/uploads\/2011\/07\/Eu-De-e-Ma.jpg 460w, http:\/\/crisbottallo.com.br\/blog\/wp-content\/uploads\/2011\/07\/Eu-De-e-Ma-300x200.jpg 300w\" sizes=\"(max-width: 460px) 100vw, 460px\" \/><\/a><br \/>\n<strong>Marcelo, eu e Denise<\/strong><\/p>\n<p>Aqui estamos eu, a Denise de novo e a beatriz Cortopassi, artista de tela e pastel talentos\u00edssima que fez sua estr\u00e9ia na feira esse ano. N\u00f3s fazemos parte do time de especialista do programa Fa\u00e7a em Casa, do Cana Bem Simples (138 da Net) e aproveitamos para tirar essas fotos juntas no stand do canal.<\/p>\n<p><a href=\"http:\/\/crisbottallo.com.br\/blog\/wp-content\/uploads\/2011\/07\/Eu-De-e-Bia-2.jpg\"><img loading=\"lazy\" src=\"http:\/\/crisbottallo.com.br\/blog\/wp-content\/uploads\/2011\/07\/Eu-De-e-Bia-2.jpg\" alt=\"\" title=\"Eu, De e Bia 2\" width=\"460\" height=\"307\" class=\"alignnone size-full wp-image-6407\" srcset=\"http:\/\/crisbottallo.com.br\/blog\/wp-content\/uploads\/2011\/07\/Eu-De-e-Bia-2.jpg 460w, http:\/\/crisbottallo.com.br\/blog\/wp-content\/uploads\/2011\/07\/Eu-De-e-Bia-2-300x200.jpg 300w\" sizes=\"(max-width: 460px) 100vw, 460px\" \/><\/a><br \/>\n<strong>Denise, Bia e eu<br \/>\n<\/strong><br \/>\n<a href=\"http:\/\/crisbottallo.com.br\/blog\/wp-content\/uploads\/2011\/07\/Eu-De-e-Bia.jpg\"><img loading=\"lazy\" src=\"http:\/\/crisbottallo.com.br\/blog\/wp-content\/uploads\/2011\/07\/Eu-De-e-Bia.jpg\" alt=\"\" title=\"Eu, De e Bia\" width=\"460\" height=\"690\" class=\"alignnone size-full wp-image-6409\" srcset=\"http:\/\/crisbottallo.com.br\/blog\/wp-content\/uploads\/2011\/07\/Eu-De-e-Bia.jpg 460w, http:\/\/crisbottallo.com.br\/blog\/wp-content\/uploads\/2011\/07\/Eu-De-e-Bia-200x300.jpg 200w\" sizes=\"(max-width: 460px) 100vw, 460px\" \/><\/a><br \/>\n<strong>N\u00f3s de novo&#8230;<\/strong><\/p>\n<p>Na feira me encontrei tamb\u00e9m com as outras especialista do Bem Simples Viviane, a Marianne e a Rosely Ferrariol&#8230; Pena que n\u00e3o conseguimos tirar uma foto juntas. E pena que a Amanda n\u00e3o veio, ela \u00e9 do Rio&#8230; Saudades das meninas do Bem Simples, saudades da apresentadora Ana Paula, da equipe de Buenos Aires&#8230; <\/p>\n<p>Mas voltando \u00e0 feira, foi um tempo \u00f3timo, uma semana especial, de muitos encontros e reencontros bacanas. E j\u00e1 deixa saudades&#8230;<\/p>\n<p><script type=\"text\/javascript\"><!--\ngoogle_ad_client = \"pub-9518983180152168\";\n\/* 468x60, criado 10\/07\/10 *\/\ngoogle_ad_slot = \"2365267377\";\ngoogle_ad_width = 468;\ngoogle_ad_height = 60;\n\/\/-->\n<\/script><br \/>\n<script type=\"text\/javascript\"\nsrc=\"http:\/\/pagead2.googlesyndication.com\/pagead\/show_ads.js\">\n<\/script><\/p>\n","protected":false},"excerpt":{"rendered":"<p>Oi, pessoal, boa tarde e boa semana que come\u00e7a para voc\u00eas, para n\u00f3s. Eu confesso que t\u00f4 estranhando um pouco meu retorno ao trabalho depois de um tempo t\u00e3o intenso (vejam meu post de ontem) e de f\u00e9rias em seguida. T\u00f4 meio perdida! Mas n\u00e3o se preocupem, isso n\u00e3o dura muito, n\u00e3o, logo entro no &hellip; <a href=\"http:\/\/crisbottallo.com.br\/blog\/?p=6402\" class=\"more-link\">Continue lendo <span class=\"screen-reader-text\">Mais fotos da Mega, promessas de mat\u00e9rias e um &#8220;papinho&#8221; r\u00e1pido<\/span> <span class=\"meta-nav\">&rarr;<\/span><\/a><\/p>\n","protected":false},"author":1,"featured_media":0,"comment_status":"open","ping_status":"open","sticky":false,"template":"","format":"standard","meta":[],"categories":[594],"tags":[],"_links":{"self":[{"href":"http:\/\/crisbottallo.com.br\/blog\/index.php?rest_route=\/wp\/v2\/posts\/6402"}],"collection":[{"href":"http:\/\/crisbottallo.com.br\/blog\/index.php?rest_route=\/wp\/v2\/posts"}],"about":[{"href":"http:\/\/crisbottallo.com.br\/blog\/index.php?rest_route=\/wp\/v2\/types\/post"}],"author":[{"embeddable":true,"href":"http:\/\/crisbottallo.com.br\/blog\/index.php?rest_route=\/wp\/v2\/users\/1"}],"replies":[{"embeddable":true,"href":"http:\/\/crisbottallo.com.br\/blog\/index.php?rest_route=%2Fwp%2Fv2%2Fcomments&post=6402"}],"version-history":[{"count":7,"href":"http:\/\/crisbottallo.com.br\/blog\/index.php?rest_route=\/wp\/v2\/posts\/6402\/revisions"}],"predecessor-version":[{"id":18479,"href":"http:\/\/crisbottallo.com.br\/blog\/index.php?rest_route=\/wp\/v2\/posts\/6402\/revisions\/18479"}],"wp:attachment":[{"href":"http:\/\/crisbottallo.com.br\/blog\/index.php?rest_route=%2Fwp%2Fv2%2Fmedia&parent=6402"}],"wp:term":[{"taxonomy":"category","embeddable":true,"href":"http:\/\/crisbottallo.com.br\/blog\/index.php?rest_route=%2Fwp%2Fv2%2Fcategories&post=6402"},{"taxonomy":"post_tag","embeddable":true,"href":"http:\/\/crisbottallo.com.br\/blog\/index.php?rest_route=%2Fwp%2Fv2%2Ftags&post=6402"}],"curies":[{"name":"wp","href":"https:\/\/api.w.org\/{rel}","templated":true}]}}