{"id":6421,"date":"2011-07-20T22:33:13","date_gmt":"2011-07-21T01:33:13","guid":{"rendered":"http:\/\/crisbottallo.com.br\/blog\/?p=6421"},"modified":"2020-07-10T00:46:57","modified_gmt":"2020-07-10T03:46:57","slug":"minha-rede-de-amigos","status":"publish","type":"post","link":"http:\/\/crisbottallo.com.br\/blog\/?p=6421","title":{"rendered":"Minha rede de amigos e meu melhor amigo"},"content":{"rendered":"<p>Oi, pessoal, boa noite!<\/p>\n<p>Eu estava aqui escrevendo um <em>post<\/em> com uma t\u00e9cnica nova, como prometido, mas me distrai com alguns coment\u00e1rios na rede social <a href=\"http:\/\/www.facebook.com\/\">facebook<\/a> e acabei decidindo mudar completamente o tema de hoje. Isso porque l\u00e1 (no <a href=\"http:\/\/www.facebook.com\/\">facebook<\/a>) est\u00e3o &#8220;pipocando&#8221; <em>posts<\/em> e coment\u00e1rios sobre o Dia do Amigo (que \u00e9 hoje). <strong>Ali\u00e1s, bom Dia do Amigo para voc\u00eas<\/strong>!<\/p>\n<p>Decidi que a t\u00e9cnica vai ficar para amanh\u00e3, me desculpem, mas preciso falar sobre amizade hoje.<\/p>\n<p>Bem, voltando (estou meio dispersa ainda &#8211; ah o que n\u00e3o fazem umas boas f\u00e9rias&#8230;), por isso e tamb\u00e9m porque meu grande amigo Marcelo Darghan escreveu essa semana um texto lindo para outra grande amiga (e muito querida minha), a Flora Tudesco (da empresa de tintas Corfix), \u00e9 que resolvi mudar o tema e escrever sobre minha rede de amigos para voc\u00eas. Ali\u00e1s, leiam o texto no <a href=\"http:\/\/marcelodarghan.blogspot.com\/2011\/07\/uma-vida-dedicada.html?spref=fb\">http:\/\/marcelodarghan.blogspot.com\/2011\/07\/uma-vida-dedicada.html?spref=fb<\/a>.<\/p>\n<p>O Marcelo \u00e9 meu amigo h\u00e1 uns bons anos j\u00e1. Eu o conheci por interm\u00e9dio de outra grande amiga, a Rita Paiva. Sabe aquele amigo que \u00e9 com quem voc\u00ea quer compartilhar suas maiores alegrias e as piores tristezas? Sabe aquela pessoa em quem voc\u00ea pensa na hora, quando est\u00e1 atrapalhada, carente, perdida, confusa, euf\u00f3rica, feliz, feliz? Pois bem, para mim essa pessoa \u00e9 o Marcelo.<\/p>\n<p><a href=\"http:\/\/crisbottallo.com.br\/blog\/wp-content\/uploads\/2011\/07\/Eu-e-Rita-amigos.jpg\"><img loading=\"lazy\" class=\"alignnone size-full wp-image-6423\" title=\"Eu e Rita amigos\" src=\"http:\/\/crisbottallo.com.br\/blog\/wp-content\/uploads\/2011\/07\/Eu-e-Rita-amigos.jpg\" alt=\"\" width=\"460\" height=\"307\" srcset=\"http:\/\/crisbottallo.com.br\/blog\/wp-content\/uploads\/2011\/07\/Eu-e-Rita-amigos.jpg 460w, http:\/\/crisbottallo.com.br\/blog\/wp-content\/uploads\/2011\/07\/Eu-e-Rita-amigos-300x200.jpg 300w\" sizes=\"(max-width: 460px) 100vw, 460px\" \/><\/a><br \/>\n<strong>Eu e Rita, na Mega<\/strong><\/p>\n<p>A Rita eu conheci em 1989\/90, na Editora Abril, ela estava nas revistas Manequim e Arte e Casa. A Manequim trazia um caderno especial de artesanato, e a Arte em Casa, que n\u00e3o existe mais, era uma revista incr\u00edvel, s\u00f3 de trabalhos manuais, diferente, bacana. A editora era a Malu Vianna, outra pessoa muito querida. Foi nessa \u00e9poca que sairam minhas primeiras mat\u00e9rias em revistas, uma notinha na Manequim sobre meus bordados em ponto cruz e depois uma mat\u00e9ria de madeira para P\u00e1scoa na Arte em Casa.<\/p>\n<p>Depois, em 1991, por a\u00ed, eu fiz  outra mat\u00e9ria com a Rita sobre fantoches de feltro. Ela me disse que conhecia um artes\u00e3o que sabia tudo sobre feltro e que poderia me dar umas dicas. Me passou o telefone de Marcelo, eu liguei para ele, conversamos, fui em um curso que ele dava para a empresa Santa F\u00e9 (naquela \u00e9poca ele j\u00e1 reunia centenas de pessoas em seus cursos) e pronto, nascia uma amizade especial&#8230;<\/p>\n<p><a href=\"http:\/\/crisbottallo.com.br\/blog\/wp-content\/uploads\/2011\/07\/Eu-e-M\u00e1-Mega.jpg\"><img loading=\"lazy\" class=\"alignnone size-full wp-image-6426\" title=\"Eu e M\u00e1 Mega\" src=\"http:\/\/crisbottallo.com.br\/blog\/wp-content\/uploads\/2011\/07\/Eu-e-M\u00e1-Mega.jpg\" alt=\"\" width=\"460\" height=\"307\" srcset=\"http:\/\/crisbottallo.com.br\/blog\/wp-content\/uploads\/2011\/07\/Eu-e-M\u00e1-Mega.jpg 460w, http:\/\/crisbottallo.com.br\/blog\/wp-content\/uploads\/2011\/07\/Eu-e-M\u00e1-Mega-300x200.jpg 300w\" sizes=\"(max-width: 460px) 100vw, 460px\" \/><\/a><br \/>\n<strong>Marcelo e eu<\/strong><\/p>\n<p>Bem, o tempo foi passando e no ano de 1995 eu comecei a me apresentar no programa Note e Anote, na TV Record, com a Ana Maria. O programa tinha 4 horas naquela \u00e9poca, era de manh\u00e3 (depois passou para tarde), e eu era uma das professoras fixas, ia toda semana. Eu dava aulas principalmente de miniaturas &#8211; a Ana pessoalmente escolheu, entre todos os trabalhos que levei na primeira conversa com a produ\u00e7\u00e3o do programa, que eu apresentasse as miniaturas. Mas eu j\u00e1 fazia muitas outras coisas, como os bordados, pintura em madeira, bauern&#8230; Enfim, meu trabalho estava aparecendo e meu ateli\u00ea, que na \u00e9poca ficava em Santo Andr\u00e9 e se chamava Feito em Casa tamb\u00e9m.<\/p>\n<p>E justamente por isso cabei sendo convidada pela empresa Corfix, que estava com um novo escrit\u00f3rio de vendas aqui em S\u00e3o Paulo (a f\u00e1brica fica em Porto Alegre), para participar de um evento de lan\u00e7amento as tintas Decorfix (isso mesmo, eu estava l\u00e1, no lan\u00e7amento!). Isso foi em 1996, na primeira metade do ano, se n\u00e3o me engano&#8230; Nesse evento eu conheci a Flora Tudesco, uma das donas da Corfix, e a empatia com ela foi imediata, nos entendemos de cara, e eu fiquei encantada com aquela mulher t\u00e3o bonita, elegante, uma empres\u00e1ria especial. Eu entreguei a ela minha primeira publica\u00e7\u00e3o, uma cole\u00e7\u00e3o de 12 apostilas com t\u00e9cnicas variadas, e ficamos em contato, \u00e0 dist\u00e2ncia (ela retornou a POA logo em seguida).<\/p>\n<p>Passaram-se poucos meses, eu fui chamada para uma entrevista na empresa Acrilex e acabei sendo contratada como Coordenadora do Ateli\u00ea, na f\u00e1brica, que fica em S\u00e3o Bernardo do Campo &#8211; SP. Naturalmente isso me afastou da Corfix, mas continuei me encontrando com a Flora em feiras e eventos, e nossos encontros sempre foram muito carinhosos&#8230;<\/p>\n<p>Fiquei na Acrilex at\u00e9 2003, e nesse per\u00edodo acabei me aproximando mais do Marcelo, que tinha a parceria com a empresa em alguns projetos que ele fazia na \u00e9poca. Bons tempos aqueles, foram anos felizes. Tamb\u00e9m fiz alguns bons amigos por l\u00e1&#8230; Por volta do ano 2000\/01 o Marcelo deixou a parceria com a Acrilex e passou a trabalhar com a Corfix, mas a gente ainda se via e se falava eventualmente.<\/p>\n<p><a href=\"http:\/\/crisbottallo.com.br\/blog\/wp-content\/uploads\/2011\/07\/Eu-e-M\u00e1-blog.jpg\"><img loading=\"lazy\" class=\"alignnone size-full wp-image-6428\" title=\"Eu e M\u00e1 blog\" src=\"http:\/\/crisbottallo.com.br\/blog\/wp-content\/uploads\/2011\/07\/Eu-e-M\u00e1-blog.jpg\" alt=\"\" width=\"450\" height=\"448\" srcset=\"http:\/\/crisbottallo.com.br\/blog\/wp-content\/uploads\/2011\/07\/Eu-e-M\u00e1-blog.jpg 450w, http:\/\/crisbottallo.com.br\/blog\/wp-content\/uploads\/2011\/07\/Eu-e-M\u00e1-blog-150x150.jpg 150w, http:\/\/crisbottallo.com.br\/blog\/wp-content\/uploads\/2011\/07\/Eu-e-M\u00e1-blog-300x298.jpg 300w\" sizes=\"(max-width: 450px) 100vw, 450px\" \/><\/a><br \/>\n<strong>Eu e M\u00e1 (adoro essa foto!)<\/strong><\/p>\n<p>Quando eu deixei a Acrilex, em 2003, a Corfix me convidou para trabalhar com eles, primeiro apenas com uma participa\u00e7\u00e3o na feira Hobby Art, e depois como consultora. A Flora me falou, ent\u00e3o, que ficava muito feliz que o nosso longo &#8220;namoro&#8221; tivesse, finalmente, virado um &#8220;casamento feliz&#8221;. Muito feliz, ali\u00e1s&#8230; O Marcelo tamb\u00e9m estava l\u00e1, e da\u00ed nos aproximamos ainda mais. Viajamos juntos, demos aulas juntos, viramos amigos de verdade. E sempre que dava a Flora estava com a gente tamb\u00e9m.<\/p>\n<p><a href=\"http:\/\/crisbottallo.com.br\/blog\/wp-content\/uploads\/2011\/07\/Eu-e-M\u00e11.jpg\"><img loading=\"lazy\" class=\"alignnone size-full wp-image-6429\" title=\"Eu e M\u00e1\" src=\"http:\/\/crisbottallo.com.br\/blog\/wp-content\/uploads\/2011\/07\/Eu-e-M\u00e11.jpg\" alt=\"\" width=\"460\" height=\"352\" srcset=\"http:\/\/crisbottallo.com.br\/blog\/wp-content\/uploads\/2011\/07\/Eu-e-M\u00e11.jpg 460w, http:\/\/crisbottallo.com.br\/blog\/wp-content\/uploads\/2011\/07\/Eu-e-M\u00e11-300x229.jpg 300w\" sizes=\"(max-width: 460px) 100vw, 460px\" \/><\/a><br \/>\n<strong>Eu e Marcelo, meu melhor amigo&#8230;<\/strong><\/p>\n<p>Hoje eu n\u00e3o estou mais trabalhando com a Corfix diretamente, mas continuo usando seus produtos. Mas, o que guardo de melhor daquele tempo, naturalmente, foi a amizade com a Flora, que perdura at\u00e9 hoje e ser\u00e1 assim para sempre, tenho certeza. Coisa boa isso, conquistar uma amizade verdadeira&#8230;<\/p>\n<p>Nessa rede de amigos, outras pessoas muito queridas vieram&#8230; O Marcelo me apresentou muitas pessoas, entre elas a Elaine, que trabalha com ele em alguns eventos e que trabalha comigo hoje, quando preciso de uma ajuda extra. Ela foi muito importante nesses meus \u00faltimos eventos, sem ela n\u00e3o teria conseguido terminar tudo, sem d\u00favidas&#8230;<\/p>\n<p><a href=\"http:\/\/crisbottallo.com.br\/blog\/wp-content\/uploads\/2011\/07\/Eu-e-Elaine-amigos.jpg\"><img loading=\"lazy\" class=\"alignnone size-full wp-image-6430\" title=\"Eu e Elaine amigos\" src=\"http:\/\/crisbottallo.com.br\/blog\/wp-content\/uploads\/2011\/07\/Eu-e-Elaine-amigos.jpg\" alt=\"\" width=\"460\" height=\"307\" srcset=\"http:\/\/crisbottallo.com.br\/blog\/wp-content\/uploads\/2011\/07\/Eu-e-Elaine-amigos.jpg 460w, http:\/\/crisbottallo.com.br\/blog\/wp-content\/uploads\/2011\/07\/Eu-e-Elaine-amigos-300x200.jpg 300w\" sizes=\"(max-width: 460px) 100vw, 460px\" \/><\/a><br \/>\n<strong>Eu e Elaine Anselmo<\/strong><\/p>\n<p>Logo depois da feira, quando eu sa\u00ed de f\u00e9rias, a Elaine veio at\u00e9 meu ateli\u00ea para arrumar as coisas que voltaram da exposi\u00e7\u00e3o e deixou esse bilhete carinhoso junto com uma orqu\u00eddea linda. A orqu\u00eddea n\u00e3o aparece na foto que eu fiz hoje de bilhete est\u00e1 linda, cheia de flores, na minha casa&#8230; depois mostro para voc\u00eas.<\/p>\n<p><a href=\"http:\/\/crisbottallo.com.br\/blog\/wp-content\/uploads\/2011\/07\/Cart\u00e3o-Elaine.jpg\"><img loading=\"lazy\" class=\"alignnone size-full wp-image-6433\" title=\"Cart\u00e3o Elaine\" src=\"http:\/\/crisbottallo.com.br\/blog\/wp-content\/uploads\/2011\/07\/Cart\u00e3o-Elaine.jpg\" alt=\"\" width=\"460\" height=\"613\" srcset=\"http:\/\/crisbottallo.com.br\/blog\/wp-content\/uploads\/2011\/07\/Cart\u00e3o-Elaine.jpg 460w, http:\/\/crisbottallo.com.br\/blog\/wp-content\/uploads\/2011\/07\/Cart\u00e3o-Elaine-225x300.jpg 225w\" sizes=\"(max-width: 460px) 100vw, 460px\" \/><\/a><br \/>\nBilhete que a Elaine me deixou&#8230; adorei!<\/p>\n<p>E por falar em bilhetes, durante a feira eu recebi uma por\u00e7\u00e3o deles, todos deixados nas minhas \u00e1rvores. Eu, naturalmente, vou guard\u00e1-los com muito carinho, e quando me sentir meio desanimada, j\u00e1 sei o que fazer, \u00e9 s\u00f3 pegar alguns para ler. Uma dose especial de &#8220;carinho de amigos&#8221;&#8230; muito bom!<\/p>\n<p><a href=\"http:\/\/crisbottallo.com.br\/blog\/wp-content\/uploads\/2011\/07\/Recadinhos.jpg\"><img loading=\"lazy\" class=\"alignnone size-full wp-image-6434\" title=\"Recadinhos\" src=\"http:\/\/crisbottallo.com.br\/blog\/wp-content\/uploads\/2011\/07\/Recadinhos.jpg\" alt=\"\" width=\"460\" height=\"345\" srcset=\"http:\/\/crisbottallo.com.br\/blog\/wp-content\/uploads\/2011\/07\/Recadinhos.jpg 460w, http:\/\/crisbottallo.com.br\/blog\/wp-content\/uploads\/2011\/07\/Recadinhos-300x225.jpg 300w\" sizes=\"(max-width: 460px) 100vw, 460px\" \/><\/a><br \/>\n<strong>Recadinhos deixados em minhas \u00e1rvores<\/strong><\/p>\n<p>A rede de amigos continua, e durante essa Mega, a Rita, ela de novo, nossa &#8220;madrinha&#8221;, como diz o Marcelo, me apresentou a querid\u00edssima Lu Gastal, uma artista de patchwork, de extremo bom gosto, divertida, linda, talentos\u00edssima. Em agosto pretendo ir \u00e0 Porto Alegre visitar a Flora e a Lu, minha mais nova amiga&#8230;<\/p>\n<p><a href=\"http:\/\/crisbottallo.com.br\/blog\/wp-content\/uploads\/2011\/07\/Eu-e-Lu-amigos.jpg\"><img loading=\"lazy\" class=\"alignnone size-full wp-image-6435\" title=\"Eu e Lu amigos\" src=\"http:\/\/crisbottallo.com.br\/blog\/wp-content\/uploads\/2011\/07\/Eu-e-Lu-amigos.jpg\" alt=\"\" width=\"460\" height=\"690\" srcset=\"http:\/\/crisbottallo.com.br\/blog\/wp-content\/uploads\/2011\/07\/Eu-e-Lu-amigos.jpg 460w, http:\/\/crisbottallo.com.br\/blog\/wp-content\/uploads\/2011\/07\/Eu-e-Lu-amigos-200x300.jpg 200w\" sizes=\"(max-width: 460px) 100vw, 460px\" \/><\/a><br \/>\n<strong>Lu Gastal e eu<\/strong><\/p>\n<p>Ah, ela tamb\u00e9m estar\u00e1 na pr\u00f3xima edi\u00e7\u00e3o da revista Make, a que vai sair em agosto com a p\u00e1gina I LOVE MAKE que eu fiz. Que del\u00edcia!<\/p>\n<p>Nessa rede de amigos h\u00e1 muitas outras pessoas queridas que conheci com meu trabalho &#8211; eu poderia ficar aqui horas e horas s\u00f3 escrevendo sobre isso, e certamente nem conseguiria falar de todas. Uma amizade verdadeira pode come\u00e7ar assim, um encontro, uma coincid\u00eancia, um amigo em comum (se for o Marcelo, ent\u00e3o, pode apostar, ele vai te apresentar muitas pessoas queridas)&#8230; Com nossos amigos nos sentimos confort\u00e1veis e confortados, seguros, amados. Eles fazem as coisas terem sentido. O que mais podemos querer, afinal?<\/p>\n<p>Mas confesso que sou insegura. E mais insegura ainda fico tendo o Marcelo como melhor  amigo. Voc\u00eas j\u00e1 deram uma voltinha com ele em algum evento como a Mega?  Eu conto, \u00e9 assim: voc\u00ea n\u00e3o consegue dar mais do que dois passos sem que algu\u00e9m venha falar com ele, pedir uma foto, dizer que gosta muito dele. Ou sem que ele cumprimente algu\u00e9m com muito entusiasmo, como se fossem mesmo os melhores amigos.<\/p>\n<p>O jeito foi fazer um teste&#8230; A Elaine me apresentou, durante a Mega, um amigo do Marcelo, o Renato, que estava trabalhando na oragniza\u00e7\u00e3oo da entrada da feira e que eu n\u00e3o conhecia at\u00e9 ent\u00e3o. Como o Renato estava em contato direto com o Marcelo, pedi para que dizer a ele que havia conhecido sua melhor amiga naquele dia e esperasse para ver a resposta, sem mencionar meu nome. O Renato adorou a brincadeira, e na primeira oportunidade, quando eles se falaram pelo r\u00e1dio, falou: &#8220;Conheci sua melhor amiga hoje&#8221;. A resposta do Marcelo foi: &#8220;Ah, a Bottallo?&#8221;. Adorei! Sobretudo porque s\u00f3 ele me chama assim, acho divertido!<\/p>\n<p>E, para terminar, no finalzinho da Mega, quando est\u00e1vamos desmontando os <em>stands<\/em>, ganhei um presente muito especial dele:<\/p>\n<p><a href=\"http:\/\/crisbottallo.com.br\/blog\/wp-content\/uploads\/2011\/07\/Quadro-M\u00e1-melhor.jpg\"><img loading=\"lazy\" class=\"alignnone size-full wp-image-6437\" title=\"Quadro M\u00e1 melhor\" src=\"http:\/\/crisbottallo.com.br\/blog\/wp-content\/uploads\/2011\/07\/Quadro-M\u00e1-melhor.jpg\" alt=\"\" width=\"460\" height=\"345\" srcset=\"http:\/\/crisbottallo.com.br\/blog\/wp-content\/uploads\/2011\/07\/Quadro-M\u00e1-melhor.jpg 460w, http:\/\/crisbottallo.com.br\/blog\/wp-content\/uploads\/2011\/07\/Quadro-M\u00e1-melhor-300x225.jpg 300w\" sizes=\"(max-width: 460px) 100vw, 460px\" \/><\/a><br \/>\n<strong>Quadro com imagem de Santa Rita<\/strong><\/p>\n<p>Um quadro lindo  com flores de feltro e uma imagem de Nossa Senhora de F\u00e1tima.<\/p>\n<p><a href=\"http:\/\/crisbottallo.com.br\/blog\/wp-content\/uploads\/2011\/07\/Escrit\u00f3rio.jpg\"><img loading=\"lazy\" class=\"alignnone size-full wp-image-6436\" title=\"Escrit\u00f3rio\" src=\"http:\/\/crisbottallo.com.br\/blog\/wp-content\/uploads\/2011\/07\/Escrit\u00f3rio.jpg\" alt=\"\" width=\"460\" height=\"345\" srcset=\"http:\/\/crisbottallo.com.br\/blog\/wp-content\/uploads\/2011\/07\/Escrit\u00f3rio.jpg 460w, http:\/\/crisbottallo.com.br\/blog\/wp-content\/uploads\/2011\/07\/Escrit\u00f3rio-300x225.jpg 300w\" sizes=\"(max-width: 460px) 100vw, 460px\" \/><\/a><\/p>\n<p>Coloquei esse quadro em um local especial, bem em frente \u00e0 minha escrivaninha, no ateli\u00ea, que \u00e9 onde fico quando escrevo aqui no blog. Vai ficar por perto, como os amigos devem ficar.<br \/>\nObrigada, Marcelo.<br \/>\nE feliz Dia do Amigo para voc\u00ea!<\/p>\n<p><strong>P.S.: Obrigada a voc\u00eas tamb\u00e9m, novas amizades que conquistei gra\u00e7as a esse espa\u00e7o. Obrigada a todas (os) que se apresentam e para as (os) que n\u00e3o se apresentam tamb\u00e9m. Voc\u00eas est\u00e3o a\u00ed, eu aqui. Contem comigo!<\/strong><\/p>\n<p><script type=\"text\/javascript\">\/\/ <![CDATA[\ngoogle_ad_client = \"pub-9518983180152168\";\n\/* 468x60, criado 10\/07\/10 *\/\ngoogle_ad_slot = \"2365267377\";\ngoogle_ad_width = 468;\ngoogle_ad_height = 60;\n\/\/ ]]><\/script><br \/>\n<script src=\"http:\/\/pagead2.googlesyndication.com\/pagead\/show_ads.js\" type=\"text\/javascript\">\n<\/script><\/p>\n","protected":false},"excerpt":{"rendered":"<p>Oi, pessoal, boa noite! Eu estava aqui escrevendo um post com uma t\u00e9cnica nova, como prometido, mas me distrai com alguns coment\u00e1rios na rede social facebook e acabei decidindo mudar completamente o tema de hoje. Isso porque l\u00e1 (no facebook) est\u00e3o &#8220;pipocando&#8221; posts e coment\u00e1rios sobre o Dia do Amigo (que \u00e9 hoje). Ali\u00e1s, bom &hellip; <a href=\"http:\/\/crisbottallo.com.br\/blog\/?p=6421\" class=\"more-link\">Continue lendo <span class=\"screen-reader-text\">Minha rede de amigos e meu melhor amigo<\/span> <span class=\"meta-nav\">&rarr;<\/span><\/a><\/p>\n","protected":false},"author":1,"featured_media":0,"comment_status":"open","ping_status":"open","sticky":false,"template":"","format":"standard","meta":[],"categories":[594],"tags":[],"_links":{"self":[{"href":"http:\/\/crisbottallo.com.br\/blog\/index.php?rest_route=\/wp\/v2\/posts\/6421"}],"collection":[{"href":"http:\/\/crisbottallo.com.br\/blog\/index.php?rest_route=\/wp\/v2\/posts"}],"about":[{"href":"http:\/\/crisbottallo.com.br\/blog\/index.php?rest_route=\/wp\/v2\/types\/post"}],"author":[{"embeddable":true,"href":"http:\/\/crisbottallo.com.br\/blog\/index.php?rest_route=\/wp\/v2\/users\/1"}],"replies":[{"embeddable":true,"href":"http:\/\/crisbottallo.com.br\/blog\/index.php?rest_route=%2Fwp%2Fv2%2Fcomments&post=6421"}],"version-history":[{"count":18,"href":"http:\/\/crisbottallo.com.br\/blog\/index.php?rest_route=\/wp\/v2\/posts\/6421\/revisions"}],"predecessor-version":[{"id":18476,"href":"http:\/\/crisbottallo.com.br\/blog\/index.php?rest_route=\/wp\/v2\/posts\/6421\/revisions\/18476"}],"wp:attachment":[{"href":"http:\/\/crisbottallo.com.br\/blog\/index.php?rest_route=%2Fwp%2Fv2%2Fmedia&parent=6421"}],"wp:term":[{"taxonomy":"category","embeddable":true,"href":"http:\/\/crisbottallo.com.br\/blog\/index.php?rest_route=%2Fwp%2Fv2%2Fcategories&post=6421"},{"taxonomy":"post_tag","embeddable":true,"href":"http:\/\/crisbottallo.com.br\/blog\/index.php?rest_route=%2Fwp%2Fv2%2Ftags&post=6421"}],"curies":[{"name":"wp","href":"https:\/\/api.w.org\/{rel}","templated":true}]}}