{"id":7095,"date":"2011-10-30T15:02:38","date_gmt":"2011-10-30T18:02:38","guid":{"rendered":"http:\/\/crisbottallo.com.br\/blog\/?p=7095"},"modified":"2020-07-10T00:46:50","modified_gmt":"2020-07-10T03:46:50","slug":"viagens-madrid-e-frankfurt","status":"publish","type":"post","link":"http:\/\/crisbottallo.com.br\/blog\/?p=7095","title":{"rendered":"Viagens: Madrid e Frankfurt"},"content":{"rendered":"<p>Oi, pessoal, boa tarde, bom domingo para voc\u00eas&#8230;<\/p>\n<p>Estive viajando semana retrasada, e voc\u00eas j\u00e1 sabem, falei um pouquinho sobre isso, mas queria muito compartilhar as coisas que andei vendo por l\u00e1. Ent\u00e3o aproveito que hoje estou mas sossegada de tempo para escrever aqui no blog.<\/p>\n<p><strong>Madrid<\/strong> \u00e9 uma das cidades mais bonitas que j\u00e1 conheci. N\u00e3o que eu conhe\u00e7a tantas assim (risos), mas sem d\u00favida \u00e9 uma das mais impressionantes, com suas ruas arborizadas; cal\u00e7adas largas; pr\u00e9dios baixos, antigos e conservados; seus caf\u00e9s com mesinhas nas cal\u00e7adas, suas confeitarias t\u00edpicas. Caminhar por Madrid a p\u00e9 \u00e9 uma del\u00edcia. Eu j\u00e1 tinha visitado a Espanha em 2007, e na ocasi\u00e3o tamb\u00e9m fui \u00e0 Barcelona, Sevilla e v\u00e1rias cidades menores da regi\u00e3o, que tamb\u00e9m adorei. Mas Madrid&#8230; Eu moraria em Madrid, f\u00e1cil!<\/p>\n<p><a href=\"http:\/\/crisbottallo.com.br\/blog\/wp-content\/uploads\/2011\/10\/Madrid-puerta.jpg\"><img loading=\"lazy\" src=\"http:\/\/crisbottallo.com.br\/blog\/wp-content\/uploads\/2011\/10\/Madrid-puerta.jpg\" alt=\"\" title=\"Madrid puerta\" width=\"460\" height=\"259\" class=\"alignnone size-full wp-image-7122\" srcset=\"http:\/\/crisbottallo.com.br\/blog\/wp-content\/uploads\/2011\/10\/Madrid-puerta.jpg 460w, http:\/\/crisbottallo.com.br\/blog\/wp-content\/uploads\/2011\/10\/Madrid-puerta-300x168.jpg 300w\" sizes=\"(max-width: 460px) 100vw, 460px\" \/><\/a><br \/>\n<strong>Puerta de Alcal\u00e1<\/strong><\/p>\n<p><a href=\"http:\/\/crisbottallo.com.br\/blog\/wp-content\/uploads\/2011\/10\/Madrid-ruas.jpg\"><img loading=\"lazy\" src=\"http:\/\/crisbottallo.com.br\/blog\/wp-content\/uploads\/2011\/10\/Madrid-ruas.jpg\" alt=\"\" title=\"Madrid ruas\" width=\"460\" height=\"259\" class=\"alignnone size-full wp-image-7123\" srcset=\"http:\/\/crisbottallo.com.br\/blog\/wp-content\/uploads\/2011\/10\/Madrid-ruas.jpg 460w, http:\/\/crisbottallo.com.br\/blog\/wp-content\/uploads\/2011\/10\/Madrid-ruas-300x168.jpg 300w\" sizes=\"(max-width: 460px) 100vw, 460px\" \/><\/a><br \/>\n<strong>Avenidas em Madrid<\/strong><\/p>\n<p><a href=\"http:\/\/crisbottallo.com.br\/blog\/wp-content\/uploads\/2011\/10\/Madrid-entrada-parque.jpg\"><img loading=\"lazy\" src=\"http:\/\/crisbottallo.com.br\/blog\/wp-content\/uploads\/2011\/10\/Madrid-entrada-parque.jpg\" alt=\"\" title=\"Madrid entrada parque\" width=\"460\" height=\"259\" class=\"alignnone size-full wp-image-7124\" srcset=\"http:\/\/crisbottallo.com.br\/blog\/wp-content\/uploads\/2011\/10\/Madrid-entrada-parque.jpg 460w, http:\/\/crisbottallo.com.br\/blog\/wp-content\/uploads\/2011\/10\/Madrid-entrada-parque-300x168.jpg 300w\" sizes=\"(max-width: 460px) 100vw, 460px\" \/><\/a><br \/>\n<strong>Entrada do parque El Retiro<\/strong><\/p>\n<p><a href=\"http:\/\/crisbottallo.com.br\/blog\/wp-content\/uploads\/2011\/10\/Madrid-museu-del-prado.jpg\"><img loading=\"lazy\" src=\"http:\/\/crisbottallo.com.br\/blog\/wp-content\/uploads\/2011\/10\/Madrid-museu-del-prado.jpg\" alt=\"\" title=\"Madrid museu del prado\" width=\"460\" height=\"259\" class=\"alignnone size-full wp-image-7125\" srcset=\"http:\/\/crisbottallo.com.br\/blog\/wp-content\/uploads\/2011\/10\/Madrid-museu-del-prado.jpg 460w, http:\/\/crisbottallo.com.br\/blog\/wp-content\/uploads\/2011\/10\/Madrid-museu-del-prado-300x168.jpg 300w\" sizes=\"(max-width: 460px) 100vw, 460px\" \/><\/a><br \/>\n<strong>Museu Del Prado<\/strong><\/p>\n<p>Al\u00e9m disso, o metr\u00f4 funciona muito bem, \u00e9 bem sinalizado e te leva aos principais locais da cidade. Como andar em Madrid \u00e9 agrad\u00e1vel (ruas bonitas e limpas, cal\u00e7adas largas), n\u00e3o \u00e9 preciso nem depender de carro. E h\u00e1 uma infinidade de atra\u00e7\u00f5es, o parque El Retiro, os museus, incr\u00edveis: Del Prado, Thissen, Rainha Sofia&#8230; O pal\u00e1cio, que \u00e9 lindo, as pra\u00e7as e in\u00fameras fontes. E as lojinhas, caf\u00e9s e confeitarias com suas mesinhas nas cal\u00e7adas&#8230; E as \u00e1rvores, quantas \u00e1rvores! Tudo muito, muito bonito.<\/p>\n<p><a href=\"http:\/\/crisbottallo.com.br\/blog\/wp-content\/uploads\/2011\/10\/Madrid-arvore.jpg\"><img loading=\"lazy\" src=\"http:\/\/crisbottallo.com.br\/blog\/wp-content\/uploads\/2011\/10\/Madrid-arvore-168x300.jpg\" alt=\"\" title=\"Madrid arvore\" width=\"168\" height=\"300\" class=\"alignleft size-medium wp-image-7126\" \/><\/a><\/p>\n<p><a href=\"http:\/\/crisbottallo.com.br\/blog\/wp-content\/uploads\/2011\/10\/Madrid-arvore-2.jpg\"><img loading=\"lazy\" src=\"http:\/\/crisbottallo.com.br\/blog\/wp-content\/uploads\/2011\/10\/Madrid-arvore-2-168x300.jpg\" alt=\"\" title=\"Madrid arvore 2\" width=\"168\" height=\"300\" class=\"alignright size-medium wp-image-7127\" \/><\/a><\/p>\n<p><a href=\"http:\/\/crisbottallo.com.br\/blog\/wp-content\/uploads\/2011\/10\/Madrid-arvore-3.jpg\"><img loading=\"lazy\" src=\"http:\/\/crisbottallo.com.br\/blog\/wp-content\/uploads\/2011\/10\/Madrid-arvore-3-300x168.jpg\" alt=\"\" title=\"Madrid arvore 3\" width=\"300\" height=\"168\" class=\"aligncenter size-medium wp-image-7128\" srcset=\"http:\/\/crisbottallo.com.br\/blog\/wp-content\/uploads\/2011\/10\/Madrid-arvore-3-300x168.jpg 300w, http:\/\/crisbottallo.com.br\/blog\/wp-content\/uploads\/2011\/10\/Madrid-arvore-3.jpg 460w\" sizes=\"(max-width: 300px) 100vw, 300px\" \/><\/a><br \/>\n<strong>\u00c1rvores de Madrid<\/strong><\/p>\n<p>E o parque El Retiro, ent\u00e3o? Lindo, mais arborizado ainda, com pr\u00e9dios (teatros, restaurantes, caf\u00e9s e museus) bem antigos e conservados, uma pista de corrida \u00f3tima e muitos, muitos turistas tamb\u00e9m&#8230;<\/p>\n<p><a href=\"http:\/\/crisbottallo.com.br\/blog\/wp-content\/uploads\/2011\/10\/Madrid-parque-arvores.jpg\"><img loading=\"lazy\" src=\"http:\/\/crisbottallo.com.br\/blog\/wp-content\/uploads\/2011\/10\/Madrid-parque-arvores.jpg\" alt=\"\" title=\"Madrid parque arvores\" width=\"460\" height=\"259\" class=\"alignnone size-full wp-image-7145\" srcset=\"http:\/\/crisbottallo.com.br\/blog\/wp-content\/uploads\/2011\/10\/Madrid-parque-arvores.jpg 460w, http:\/\/crisbottallo.com.br\/blog\/wp-content\/uploads\/2011\/10\/Madrid-parque-arvores-300x168.jpg 300w\" sizes=\"(max-width: 460px) 100vw, 460px\" \/><\/a><\/p>\n<p><a href=\"http:\/\/crisbottallo.com.br\/blog\/wp-content\/uploads\/2011\/10\/Madrid-parque-lago1.jpg\"><img loading=\"lazy\" src=\"http:\/\/crisbottallo.com.br\/blog\/wp-content\/uploads\/2011\/10\/Madrid-parque-lago1.jpg\" alt=\"\" title=\"Madrid parque lago\" width=\"460\" height=\"259\" class=\"alignnone size-full wp-image-7147\" srcset=\"http:\/\/crisbottallo.com.br\/blog\/wp-content\/uploads\/2011\/10\/Madrid-parque-lago1.jpg 460w, http:\/\/crisbottallo.com.br\/blog\/wp-content\/uploads\/2011\/10\/Madrid-parque-lago1-300x168.jpg 300w\" sizes=\"(max-width: 460px) 100vw, 460px\" \/><\/a><br \/>\n<strong>Vistas do parque<\/strong><\/p>\n<p><a href=\"http:\/\/crisbottallo.com.br\/blog\/wp-content\/uploads\/2011\/10\/Madrid-metro.jpg\"><img loading=\"lazy\" src=\"http:\/\/crisbottallo.com.br\/blog\/wp-content\/uploads\/2011\/10\/Madrid-metro.jpg\" alt=\"\" title=\"Madrid metro\" width=\"460\" height=\"259\" class=\"alignnone size-full wp-image-7144\" srcset=\"http:\/\/crisbottallo.com.br\/blog\/wp-content\/uploads\/2011\/10\/Madrid-metro.jpg 460w, http:\/\/crisbottallo.com.br\/blog\/wp-content\/uploads\/2011\/10\/Madrid-metro-300x168.jpg 300w\" sizes=\"(max-width: 460px) 100vw, 460px\" \/><\/a><br \/>\n<strong>Metro de Madrid<\/strong><\/p>\n<p><strong>E vejam como era a rua e a entrada do metr\u00f4 no bairro em que eu estava hospedada&#8230; Assim n\u00e3o d\u00e1 mesmo vontade de sair para passear?<\/strong><\/p>\n<p><a href=\"http:\/\/crisbottallo.com.br\/blog\/wp-content\/uploads\/2011\/10\/Madrid-Plaza-mayor.jpg\"><img loading=\"lazy\" src=\"http:\/\/crisbottallo.com.br\/blog\/wp-content\/uploads\/2011\/10\/Madrid-Plaza-mayor.jpg\" alt=\"\" title=\"Madrid Plaza mayor\" width=\"460\" height=\"259\" class=\"alignnone size-full wp-image-7187\" srcset=\"http:\/\/crisbottallo.com.br\/blog\/wp-content\/uploads\/2011\/10\/Madrid-Plaza-mayor.jpg 460w, http:\/\/crisbottallo.com.br\/blog\/wp-content\/uploads\/2011\/10\/Madrid-Plaza-mayor-300x168.jpg 300w\" sizes=\"(max-width: 460px) 100vw, 460px\" \/><\/a><\/p>\n<p>Eu, que sou louca por mercados, passei uma manh\u00e3 \u00f3tima no Mercado de San Miguel, que fica bem ao lado da Plaza Mayor de Madrid. Na Espanha h\u00e1 uma tradi\u00e7\u00e3o interessantes, as cidades eram constru\u00eddas a partir de uma Plaza Mayor, ou &#8220;pra\u00e7a maior&#8221;, onde ficavam os edif\u00edcios oficiais (prefeitura, pal\u00e1cio do governo, c\u00e2mara, tribunais, minist\u00e9rios&#8230;). Essas pra\u00e7as hoje s\u00e3o quase sempre centros de turistas, com restaurantes e lojinhas t\u00edpicas. E esse mercado fica bem ao lado dessa pra\u00e7a, sempre cheia de gente do mundo todo.<\/p>\n<p><a href=\"http:\/\/crisbottallo.com.br\/blog\/wp-content\/uploads\/2011\/10\/Madrid-eu-em-frente-ao-mercadod-e-San-Miguel.jpg\"><img loading=\"lazy\" src=\"http:\/\/crisbottallo.com.br\/blog\/wp-content\/uploads\/2011\/10\/Madrid-eu-em-frente-ao-mercadod-e-San-Miguel-168x300.jpg\" alt=\"\" title=\"Madrid, eu em frente ao mercadod e San Miguel\" width=\"168\" height=\"300\" class=\"alignleft size-medium wp-image-7131\" \/><\/a><\/p>\n<p><a href=\"http:\/\/crisbottallo.com.br\/blog\/wp-content\/uploads\/2011\/10\/Madrid-mercado-doces.jpg\"><img loading=\"lazy\" src=\"http:\/\/crisbottallo.com.br\/blog\/wp-content\/uploads\/2011\/10\/Madrid-mercado-doces-300x168.jpg\" alt=\"\" title=\"Madrid mercado doces\" width=\"300\" height=\"168\" class=\"alignright size-medium wp-image-7132\" srcset=\"http:\/\/crisbottallo.com.br\/blog\/wp-content\/uploads\/2011\/10\/Madrid-mercado-doces-300x168.jpg 300w, http:\/\/crisbottallo.com.br\/blog\/wp-content\/uploads\/2011\/10\/Madrid-mercado-doces.jpg 460w\" sizes=\"(max-width: 300px) 100vw, 300px\" \/><\/a><\/p>\n<p><a href=\"http:\/\/crisbottallo.com.br\/blog\/wp-content\/uploads\/2011\/10\/Madrid-mercado-embutidos.jpg\"><img loading=\"lazy\" src=\"http:\/\/crisbottallo.com.br\/blog\/wp-content\/uploads\/2011\/10\/Madrid-mercado-embutidos-300x168.jpg\" alt=\"\" title=\"Madrid mercado embutidos\" width=\"300\" height=\"168\" class=\"alignleft size-medium wp-image-7133\" srcset=\"http:\/\/crisbottallo.com.br\/blog\/wp-content\/uploads\/2011\/10\/Madrid-mercado-embutidos-300x168.jpg 300w, http:\/\/crisbottallo.com.br\/blog\/wp-content\/uploads\/2011\/10\/Madrid-mercado-embutidos.jpg 460w\" sizes=\"(max-width: 300px) 100vw, 300px\" \/><\/a><\/p>\n<p><a href=\"http:\/\/crisbottallo.com.br\/blog\/wp-content\/uploads\/2011\/10\/Madrid-mercado-frutas-secas.jpg\"><img loading=\"lazy\" src=\"http:\/\/crisbottallo.com.br\/blog\/wp-content\/uploads\/2011\/10\/Madrid-mercado-frutas-secas-300x168.jpg\" alt=\"\" title=\"Madrid mercado frutas secas\" width=\"300\" height=\"168\" class=\"alignright size-medium wp-image-7134\" srcset=\"http:\/\/crisbottallo.com.br\/blog\/wp-content\/uploads\/2011\/10\/Madrid-mercado-frutas-secas-300x168.jpg 300w, http:\/\/crisbottallo.com.br\/blog\/wp-content\/uploads\/2011\/10\/Madrid-mercado-frutas-secas.jpg 460w\" sizes=\"(max-width: 300px) 100vw, 300px\" \/><\/a><\/p>\n<p><a href=\"http:\/\/crisbottallo.com.br\/blog\/wp-content\/uploads\/2011\/10\/Madrid-mercado-queijos.jpg\"><img loading=\"lazy\" src=\"http:\/\/crisbottallo.com.br\/blog\/wp-content\/uploads\/2011\/10\/Madrid-mercado-queijos-300x168.jpg\" alt=\"\" title=\"Madrid mercado queijos\" width=\"300\" height=\"168\" class=\"alignnone size-medium wp-image-7135\" srcset=\"http:\/\/crisbottallo.com.br\/blog\/wp-content\/uploads\/2011\/10\/Madrid-mercado-queijos-300x168.jpg 300w, http:\/\/crisbottallo.com.br\/blog\/wp-content\/uploads\/2011\/10\/Madrid-mercado-queijos.jpg 460w\" sizes=\"(max-width: 300px) 100vw, 300px\" \/><\/a><\/p>\n<p><a href=\"http:\/\/crisbottallo.com.br\/blog\/wp-content\/uploads\/2011\/10\/Madrid-mercado-de-fora.jpg\"><img loading=\"lazy\" src=\"http:\/\/crisbottallo.com.br\/blog\/wp-content\/uploads\/2011\/10\/Madrid-mercado-de-fora.jpg\" alt=\"\" title=\"Madrid mercado de fora\" width=\"460\" height=\"259\" class=\"alignnone size-full wp-image-7130\" srcset=\"http:\/\/crisbottallo.com.br\/blog\/wp-content\/uploads\/2011\/10\/Madrid-mercado-de-fora.jpg 460w, http:\/\/crisbottallo.com.br\/blog\/wp-content\/uploads\/2011\/10\/Madrid-mercado-de-fora-300x168.jpg 300w\" sizes=\"(max-width: 460px) 100vw, 460px\" \/><\/a><br \/>\n<strong>Mercado de San Miguel<\/strong><\/p>\n<p>Aproveitei a viagem tamb\u00e9m para visitar uma loja especializada em encaderna\u00e7\u00e3o art\u00edstica e materiais para encaderna\u00e7\u00f5es, a loja Baile, que vende todo material necess\u00e1rio para a t\u00e9cnica, como uma variedade enorme de ferramentas, prensas, carimbos, esp\u00e1tulas, pap\u00e9is, couros, tecidos&#8230; Adoro conhecer lojas especializadas, e essa, bem antiga e tradicional, \u00e9 uma del\u00edcia de visitar. Fundada em 1966 (um antes do meu nascimento), essa loja \u00e9 refer\u00eancia na capital Espanhola.<\/p>\n<p><a href=\"http:\/\/crisbottallo.com.br\/blog\/wp-content\/uploads\/2011\/10\/Madrid-baile1.jpg\"><img loading=\"lazy\" src=\"http:\/\/crisbottallo.com.br\/blog\/wp-content\/uploads\/2011\/10\/Madrid-baile1.jpg\" alt=\"\" title=\"Madrid baile\" width=\"460\" height=\"330\" class=\"alignnone size-full wp-image-7185\" srcset=\"http:\/\/crisbottallo.com.br\/blog\/wp-content\/uploads\/2011\/10\/Madrid-baile1.jpg 460w, http:\/\/crisbottallo.com.br\/blog\/wp-content\/uploads\/2011\/10\/Madrid-baile1-300x215.jpg 300w\" sizes=\"(max-width: 460px) 100vw, 460px\" \/><\/a><br \/>\n<strong>Loja Baile<\/strong><\/p>\n<p>L\u00e1 eu comprei algumas coisinhas bem bacanas para meu ateli\u00ea. Al\u00e9m de ser muito bacana comprar materiais especiais de trabalho (\u00e9 a coisa que em mais adoro!), visitar uma loja de rua como essa, &#8220;de antigamente&#8221;, um tipo de loja que quase n\u00e3o existe mais aqui, foi um passeio e tanto. Mas no primeiro dia que eu a visitei, logo na segunda-feira quando cheguei em Madrid, fui de metr\u00f4 para l\u00e1 e perdi a viagem&#8230; Cheguei pouco antes das 16h, e me esqueci que em Madrid o com\u00e9rcio de rua fecha para a <em>siesta<\/em> das 14 \u00e0s 17h. S\u00e9rio, eles fazem 3 horas de almo\u00e7o, sem discuss\u00e3o. Acabei voltando na ter\u00e7a de manh\u00e3. Acho que no fundo eles est\u00e3o certos, priorizam a qualidade de vida. Para qu\u00ea fazer tudo de forma t\u00e3o corrida e estressante como fazemos, n\u00e3o \u00e9 mesmo?<\/p>\n<p><a href=\"http:\/\/crisbottallo.com.br\/blog\/wp-content\/uploads\/2011\/10\/Madrid-minhas-compras.jpg\"><img loading=\"lazy\" src=\"http:\/\/crisbottallo.com.br\/blog\/wp-content\/uploads\/2011\/10\/Madrid-minhas-compras-300x168.jpg\" alt=\"\" title=\"Madrid minhas compras\" width=\"300\" height=\"168\" class=\"alignleft size-medium wp-image-7138\" srcset=\"http:\/\/crisbottallo.com.br\/blog\/wp-content\/uploads\/2011\/10\/Madrid-minhas-compras-300x168.jpg 300w, http:\/\/crisbottallo.com.br\/blog\/wp-content\/uploads\/2011\/10\/Madrid-minhas-compras.jpg 460w\" sizes=\"(max-width: 300px) 100vw, 300px\" \/><\/a><\/p>\n<p><a href=\"http:\/\/crisbottallo.com.br\/blog\/wp-content\/uploads\/2011\/10\/Madrid-loja-papeis.jpg\"><img loading=\"lazy\" src=\"http:\/\/crisbottallo.com.br\/blog\/wp-content\/uploads\/2011\/10\/Madrid-loja-papeis-300x168.jpg\" alt=\"\" title=\"Madrid loja papeis\" width=\"300\" height=\"168\" class=\"alignright size-medium wp-image-7139\" srcset=\"http:\/\/crisbottallo.com.br\/blog\/wp-content\/uploads\/2011\/10\/Madrid-loja-papeis-300x168.jpg 300w, http:\/\/crisbottallo.com.br\/blog\/wp-content\/uploads\/2011\/10\/Madrid-loja-papeis.jpg 460w\" sizes=\"(max-width: 300px) 100vw, 300px\" \/><\/a><\/p>\n<p><a href=\"http:\/\/crisbottallo.com.br\/blog\/wp-content\/uploads\/2011\/10\/Madrid-baile-nova.jpg\"><img loading=\"lazy\" src=\"http:\/\/crisbottallo.com.br\/blog\/wp-content\/uploads\/2011\/10\/Madrid-baile-nova.jpg\" alt=\"\" title=\"Madrid baile nova\" width=\"460\" height=\"259\" class=\"alignnone size-full wp-image-7177\" srcset=\"http:\/\/crisbottallo.com.br\/blog\/wp-content\/uploads\/2011\/10\/Madrid-baile-nova.jpg 460w, http:\/\/crisbottallo.com.br\/blog\/wp-content\/uploads\/2011\/10\/Madrid-baile-nova-300x168.jpg 300w\" sizes=\"(max-width: 460px) 100vw, 460px\" \/><\/a><\/p>\n<p><a href=\"http:\/\/crisbottallo.com.br\/blog\/wp-content\/uploads\/2011\/10\/Madrid-vitrine-baile.jpg\"><img loading=\"lazy\" src=\"http:\/\/crisbottallo.com.br\/blog\/wp-content\/uploads\/2011\/10\/Madrid-vitrine-baile.jpg\" alt=\"\" title=\"Madrid vitrine baile\" width=\"460\" height=\"259\" class=\"alignnone size-full wp-image-7191\" srcset=\"http:\/\/crisbottallo.com.br\/blog\/wp-content\/uploads\/2011\/10\/Madrid-vitrine-baile.jpg 460w, http:\/\/crisbottallo.com.br\/blog\/wp-content\/uploads\/2011\/10\/Madrid-vitrine-baile-300x168.jpg 300w\" sizes=\"(max-width: 460px) 100vw, 460px\" \/><\/a><\/p>\n<p>As confeitarias e caf\u00e9s em Madrid s\u00e3o muitos, e a maioria t\u00eam essas vitrines lindas, parecem lojas de enfeites, e n\u00e3o apenas as muitas lojas de <em>souvenirs<\/em> que h\u00e1 por l\u00e1. As lojas de doces e &#8220;guloseimas&#8221; tamb\u00e9m s\u00e3o muito comuns, e al\u00e9m dos caramelos, torrones e churros, doces bem t\u00edpicos de Madrid, as batas fritas (ou papas fritas) do tipo &#8220;chips&#8221; s\u00e3o bem t\u00edpicas e voc\u00ea as encontra em v\u00e1rios e simp\u00e1ticos pontos de venda por toda cidade&#8230;<\/p>\n<p><a href=\"http:\/\/crisbottallo.com.br\/blog\/wp-content\/uploads\/2011\/10\/Madrid-confeitaria.jpg\"><img loading=\"lazy\" src=\"http:\/\/crisbottallo.com.br\/blog\/wp-content\/uploads\/2011\/10\/Madrid-confeitaria-300x168.jpg\" alt=\"\" title=\"Madrid confeitaria\" width=\"300\" height=\"168\" class=\"alignleft size-medium wp-image-7141\" srcset=\"http:\/\/crisbottallo.com.br\/blog\/wp-content\/uploads\/2011\/10\/Madrid-confeitaria-300x168.jpg 300w, http:\/\/crisbottallo.com.br\/blog\/wp-content\/uploads\/2011\/10\/Madrid-confeitaria.jpg 460w\" sizes=\"(max-width: 300px) 100vw, 300px\" \/><\/a><\/p>\n<p><a href=\"http:\/\/crisbottallo.com.br\/blog\/wp-content\/uploads\/2011\/10\/Madrid-papas-fritas.jpg\"><img loading=\"lazy\" src=\"http:\/\/crisbottallo.com.br\/blog\/wp-content\/uploads\/2011\/10\/Madrid-papas-fritas-300x168.jpg\" alt=\"\" title=\"Madrid papas fritas\" width=\"300\" height=\"168\" class=\"alignright size-medium wp-image-7142\" srcset=\"http:\/\/crisbottallo.com.br\/blog\/wp-content\/uploads\/2011\/10\/Madrid-papas-fritas-300x168.jpg 300w, http:\/\/crisbottallo.com.br\/blog\/wp-content\/uploads\/2011\/10\/Madrid-papas-fritas.jpg 460w\" sizes=\"(max-width: 300px) 100vw, 300px\" \/><\/a><\/p>\n<p><a href=\"http:\/\/crisbottallo.com.br\/blog\/wp-content\/uploads\/2011\/10\/Madrid-loja-doces.jpg\"><img loading=\"lazy\" src=\"http:\/\/crisbottallo.com.br\/blog\/wp-content\/uploads\/2011\/10\/Madrid-loja-doces-300x168.jpg\" alt=\"\" title=\"Madrid loja doces\" width=\"300\" height=\"168\" class=\"alignleft size-medium wp-image-7143\" srcset=\"http:\/\/crisbottallo.com.br\/blog\/wp-content\/uploads\/2011\/10\/Madrid-loja-doces-300x168.jpg 300w, http:\/\/crisbottallo.com.br\/blog\/wp-content\/uploads\/2011\/10\/Madrid-loja-doces.jpg 460w\" sizes=\"(max-width: 300px) 100vw, 300px\" \/><\/a><\/p>\n<p><a href=\"http:\/\/crisbottallo.com.br\/blog\/wp-content\/uploads\/2011\/10\/Madrid-personagens-na-vitrine1.jpg\"><img loading=\"lazy\" src=\"http:\/\/crisbottallo.com.br\/blog\/wp-content\/uploads\/2011\/10\/Madrid-personagens-na-vitrine1.jpg\" alt=\"\" title=\"Madrid personagens na vitrine\" width=\"460\" height=\"259\" class=\"alignnone size-full wp-image-7151\" srcset=\"http:\/\/crisbottallo.com.br\/blog\/wp-content\/uploads\/2011\/10\/Madrid-personagens-na-vitrine1.jpg 460w, http:\/\/crisbottallo.com.br\/blog\/wp-content\/uploads\/2011\/10\/Madrid-personagens-na-vitrine1-300x168.jpg 300w\" sizes=\"(max-width: 460px) 100vw, 460px\" \/><\/a><\/p>\n<p><strong>FRANKFURT<\/strong><\/p>\n<p>Passei a semana em Madrid e no final de semana fui para a <strong>Alemanha, para Frankfurt<\/strong>. Essa \u00e9 mais uma das vantagens quando se est\u00e1 na Europa, todos os pa\u00edses ficam pr\u00f3ximos, \u00e9 poss\u00edvel visit\u00e1-los com v\u00f4os curtos ou at\u00e9 mesmo viagens de trem. Eu ainda n\u00e3o conhecia a Alemanha, e adorei, naturalmente&#8230;.<\/p>\n<p>Frankfurt \u00e9 uma cidade de neg\u00f3cios, moderna, com v\u00e1rias Universidades e muitos jovens, embora conserve os pr\u00e9dios antigos de forma exemplar.<\/p>\n<p><a href=\"http:\/\/crisbottallo.com.br\/blog\/wp-content\/uploads\/2011\/10\/Frank-predio.jpg\"><img loading=\"lazy\" src=\"http:\/\/crisbottallo.com.br\/blog\/wp-content\/uploads\/2011\/10\/Frank-predio-300x168.jpg\" alt=\"\" title=\"Frank predio\" width=\"300\" height=\"168\" class=\"alignleft size-medium wp-image-7152\" srcset=\"http:\/\/crisbottallo.com.br\/blog\/wp-content\/uploads\/2011\/10\/Frank-predio-300x168.jpg 300w, http:\/\/crisbottallo.com.br\/blog\/wp-content\/uploads\/2011\/10\/Frank-predio.jpg 460w\" sizes=\"(max-width: 300px) 100vw, 300px\" \/><\/a><\/p>\n<p><a href=\"http:\/\/crisbottallo.com.br\/blog\/wp-content\/uploads\/2011\/10\/Frank-rua.jpg\"><img loading=\"lazy\" src=\"http:\/\/crisbottallo.com.br\/blog\/wp-content\/uploads\/2011\/10\/Frank-rua-300x168.jpg\" alt=\"\" title=\"Frank rua\" width=\"300\" height=\"168\" class=\"alignright size-medium wp-image-7153\" srcset=\"http:\/\/crisbottallo.com.br\/blog\/wp-content\/uploads\/2011\/10\/Frank-rua-300x168.jpg 300w, http:\/\/crisbottallo.com.br\/blog\/wp-content\/uploads\/2011\/10\/Frank-rua.jpg 460w\" sizes=\"(max-width: 300px) 100vw, 300px\" \/><\/a><\/p>\n<p><a href=\"http:\/\/crisbottallo.com.br\/blog\/wp-content\/uploads\/2011\/10\/FRank-hotel.jpg\"><img loading=\"lazy\" src=\"http:\/\/crisbottallo.com.br\/blog\/wp-content\/uploads\/2011\/10\/FRank-hotel.jpg\" alt=\"\" title=\"FRank hotel\" width=\"460\" height=\"259\" class=\"alignnone size-full wp-image-7154\" srcset=\"http:\/\/crisbottallo.com.br\/blog\/wp-content\/uploads\/2011\/10\/FRank-hotel.jpg 460w, http:\/\/crisbottallo.com.br\/blog\/wp-content\/uploads\/2011\/10\/FRank-hotel-300x168.jpg 300w\" sizes=\"(max-width: 460px) 100vw, 460px\" \/><\/a><\/p>\n<p>Por ser um centro financeiro importante em toda Europa, Frankfurt tamb\u00e9m \u00e9 centro de muitas manifesta\u00e7\u00f5es. Havia um acampamento de protesto contra a economia global  (Ocupy Wall Street) em uma pra\u00e7a importante no centro da cidade, onde fica o s\u00edmbolo do Euro.<\/p>\n<p><a href=\"http:\/\/crisbottallo.com.br\/blog\/wp-content\/uploads\/2011\/10\/Frank-acampamento1.jpg\"><img loading=\"lazy\" src=\"http:\/\/crisbottallo.com.br\/blog\/wp-content\/uploads\/2011\/10\/Frank-acampamento1-300x168.jpg\" alt=\"\" title=\"Frank acampamento\" width=\"300\" height=\"168\" class=\"alignleft size-medium wp-image-7156\" srcset=\"http:\/\/crisbottallo.com.br\/blog\/wp-content\/uploads\/2011\/10\/Frank-acampamento1-300x168.jpg 300w, http:\/\/crisbottallo.com.br\/blog\/wp-content\/uploads\/2011\/10\/Frank-acampamento1.jpg 460w\" sizes=\"(max-width: 300px) 100vw, 300px\" \/><\/a><\/p>\n<p><a href=\"http:\/\/crisbottallo.com.br\/blog\/wp-content\/uploads\/2011\/10\/Frank-acampamento-2.jpg\"><img loading=\"lazy\" src=\"http:\/\/crisbottallo.com.br\/blog\/wp-content\/uploads\/2011\/10\/Frank-acampamento-2-300x168.jpg\" alt=\"\" title=\"Frank acampamento 2\" width=\"300\" height=\"168\" class=\"alignright size-medium wp-image-7157\" srcset=\"http:\/\/crisbottallo.com.br\/blog\/wp-content\/uploads\/2011\/10\/Frank-acampamento-2-300x168.jpg 300w, http:\/\/crisbottallo.com.br\/blog\/wp-content\/uploads\/2011\/10\/Frank-acampamento-2.jpg 460w\" sizes=\"(max-width: 300px) 100vw, 300px\" \/><\/a><\/p>\n<p><a href=\"http:\/\/crisbottallo.com.br\/blog\/wp-content\/uploads\/2011\/10\/Frank-esta\u00e7ao.jpg\"><img loading=\"lazy\" src=\"http:\/\/crisbottallo.com.br\/blog\/wp-content\/uploads\/2011\/10\/Frank-esta\u00e7ao.jpg\" alt=\"\" title=\"Frank esta\u00e7ao\" width=\"460\" height=\"259\" class=\"alignnone size-full wp-image-7158\" srcset=\"http:\/\/crisbottallo.com.br\/blog\/wp-content\/uploads\/2011\/10\/Frank-esta\u00e7ao.jpg 460w, http:\/\/crisbottallo.com.br\/blog\/wp-content\/uploads\/2011\/10\/Frank-esta\u00e7ao-300x168.jpg 300w\" sizes=\"(max-width: 460px) 100vw, 460px\" \/><\/a><\/p>\n<p><a href=\"http:\/\/crisbottallo.com.br\/blog\/wp-content\/uploads\/2011\/10\/Frank-eu-esperando-o-trem1.jpg\"><img loading=\"lazy\" src=\"http:\/\/crisbottallo.com.br\/blog\/wp-content\/uploads\/2011\/10\/Frank-eu-esperando-o-trem1.jpg\" alt=\"\" title=\"Frank eu esperando o trem\" width=\"460\" height=\"259\" class=\"alignnone size-full wp-image-7179\" srcset=\"http:\/\/crisbottallo.com.br\/blog\/wp-content\/uploads\/2011\/10\/Frank-eu-esperando-o-trem1.jpg 460w, http:\/\/crisbottallo.com.br\/blog\/wp-content\/uploads\/2011\/10\/Frank-eu-esperando-o-trem1-300x168.jpg 300w\" sizes=\"(max-width: 460px) 100vw, 460px\" \/><\/a><\/p>\n<p>Acabei indo visiter Heildelberg, uma linda e pequena cidade tur\u00edstica, distantes cerca de 1 hora de Frankfurt, e que possui um belo castelo, em reforma, mas que ainda est\u00e1 bem conservado e \u00e9 muito imponente e bonito.<\/p>\n<p><a href=\"http:\/\/crisbottallo.com.br\/blog\/wp-content\/uploads\/2011\/10\/Frank-taverna1.jpg\"><img loading=\"lazy\" src=\"http:\/\/crisbottallo.com.br\/blog\/wp-content\/uploads\/2011\/10\/Frank-taverna1.jpg\" alt=\"\" title=\"Frank taverna\" width=\"460\" height=\"817\" class=\"alignnone size-full wp-image-7180\" \/><\/a><br \/>\n<strong>Uma taverna t\u00edpica em Frankfurt<\/strong><\/p>\n<p>Mas Frankfurt \u00e9 tamb\u00e9m uma cidade tranquila, n\u00e3o muito grande, comparando-a com S\u00e3o Paulo (tem pouco mais de 2,3 milh\u00f5es de habitantes considerando toda \u00e1rea urbana). Fica \u00e0s margens do Rio Meno, e possui uma linda esta\u00e7\u00e3o de trem de onde podemos pegar um trem para qualquer outra regi\u00e3o da Alemanha e para v\u00e1rios pa\u00edses da Europa.<\/p>\n<p><a href=\"http:\/\/crisbottallo.com.br\/blog\/wp-content\/uploads\/2011\/10\/Heidel-castaelo.jpg\"><img loading=\"lazy\" src=\"http:\/\/crisbottallo.com.br\/blog\/wp-content\/uploads\/2011\/10\/Heidel-castaelo-300x168.jpg\" alt=\"\" title=\"Heidel castaelo\" width=\"300\" height=\"168\" class=\"alignleft size-medium wp-image-7161\" srcset=\"http:\/\/crisbottallo.com.br\/blog\/wp-content\/uploads\/2011\/10\/Heidel-castaelo-300x168.jpg 300w, http:\/\/crisbottallo.com.br\/blog\/wp-content\/uploads\/2011\/10\/Heidel-castaelo.jpg 460w\" sizes=\"(max-width: 300px) 100vw, 300px\" \/><\/a><\/p>\n<p><a href=\"http:\/\/crisbottallo.com.br\/blog\/wp-content\/uploads\/2011\/10\/Heidel-rel\u00f3gio-sol.jpg\"><img loading=\"lazy\" src=\"http:\/\/crisbottallo.com.br\/blog\/wp-content\/uploads\/2011\/10\/Heidel-rel\u00f3gio-sol-300x168.jpg\" alt=\"\" title=\"Heidel rel\u00f3gio sol\" width=\"300\" height=\"168\" class=\"alignright size-medium wp-image-7162\" srcset=\"http:\/\/crisbottallo.com.br\/blog\/wp-content\/uploads\/2011\/10\/Heidel-rel\u00f3gio-sol-300x168.jpg 300w, http:\/\/crisbottallo.com.br\/blog\/wp-content\/uploads\/2011\/10\/Heidel-rel\u00f3gio-sol.jpg 460w\" sizes=\"(max-width: 300px) 100vw, 300px\" \/><\/a><\/p>\n<p><a href=\"http:\/\/crisbottallo.com.br\/blog\/wp-content\/uploads\/2011\/10\/Frankfurt.jpg\"><img loading=\"lazy\" src=\"http:\/\/crisbottallo.com.br\/blog\/wp-content\/uploads\/2011\/10\/Frankfurt.jpg\" alt=\"\" title=\"Frankfurt\" width=\"460\" height=\"259\" class=\"alignnone size-full wp-image-7087\" srcset=\"http:\/\/crisbottallo.com.br\/blog\/wp-content\/uploads\/2011\/10\/Frankfurt.jpg 460w, http:\/\/crisbottallo.com.br\/blog\/wp-content\/uploads\/2011\/10\/Frankfurt-300x168.jpg 300w\" sizes=\"(max-width: 460px) 100vw, 460px\" \/><\/a><br \/>\n<strong>Heidelberg, cidade hist\u00f3rica pr\u00f3xima \u00e0 Frankfurt<\/strong><\/p>\n<p>Tamb\u00e9m visitei dois museus nesses passeios, em Frankfurt o Museo Casa do poeta Goethe, que ficava ao lado do hotel em que estava hospedada e em Heidelberg o Apotec Museum, museu da Farm\u00e1cia, com salas repletas de ferramnetas, frasquinhos, ervas e m\u00f3veis que pareciam ter siod retirados de casinhas de bruxas&#8230; Muito legal!<\/p>\n<p><a href=\"http:\/\/crisbottallo.com.br\/blog\/wp-content\/uploads\/2011\/10\/Frank-Goethe1.jpg\"><img loading=\"lazy\" src=\"http:\/\/crisbottallo.com.br\/blog\/wp-content\/uploads\/2011\/10\/Frank-Goethe1-168x300.jpg\" alt=\"\" title=\"Frank Goethe\" width=\"168\" height=\"300\" class=\"alignleft size-medium wp-image-7166\" \/><\/a><\/p>\n<p><a href=\"http:\/\/crisbottallo.com.br\/blog\/wp-content\/uploads\/2011\/10\/Frank-museu-Apotech.jpg\"><img loading=\"lazy\" src=\"http:\/\/crisbottallo.com.br\/blog\/wp-content\/uploads\/2011\/10\/Frank-museu-Apotech-300x168.jpg\" alt=\"\" title=\"Frank museu Apotech\" width=\"300\" height=\"168\" class=\"alignright size-medium wp-image-7167\" srcset=\"http:\/\/crisbottallo.com.br\/blog\/wp-content\/uploads\/2011\/10\/Frank-museu-Apotech-300x168.jpg 300w, http:\/\/crisbottallo.com.br\/blog\/wp-content\/uploads\/2011\/10\/Frank-museu-Apotech.jpg 460w\" sizes=\"(max-width: 300px) 100vw, 300px\" \/><\/a><\/p>\n<p><a href=\"http:\/\/crisbottallo.com.br\/blog\/wp-content\/uploads\/2011\/10\/Heidel-apotech-2.jpg\"><img loading=\"lazy\" src=\"http:\/\/crisbottallo.com.br\/blog\/wp-content\/uploads\/2011\/10\/Heidel-apotech-2-300x168.jpg\" alt=\"\" title=\"Heidel apotech 2\" width=\"300\" height=\"168\" class=\"alignleft size-medium wp-image-7168\" srcset=\"http:\/\/crisbottallo.com.br\/blog\/wp-content\/uploads\/2011\/10\/Heidel-apotech-2-300x168.jpg 300w, http:\/\/crisbottallo.com.br\/blog\/wp-content\/uploads\/2011\/10\/Heidel-apotech-2.jpg 460w\" sizes=\"(max-width: 300px) 100vw, 300px\" \/><\/a><\/p>\n<p><a href=\"http:\/\/crisbottallo.com.br\/blog\/wp-content\/uploads\/2011\/10\/Heidel-apotech.jpg\"><img loading=\"lazy\" src=\"http:\/\/crisbottallo.com.br\/blog\/wp-content\/uploads\/2011\/10\/Heidel-apotech-300x168.jpg\" alt=\"\" title=\"Heidel apotech\" width=\"300\" height=\"168\" class=\"alignright size-medium wp-image-7170\" srcset=\"http:\/\/crisbottallo.com.br\/blog\/wp-content\/uploads\/2011\/10\/Heidel-apotech-300x168.jpg 300w, http:\/\/crisbottallo.com.br\/blog\/wp-content\/uploads\/2011\/10\/Heidel-apotech.jpg 460w\" sizes=\"(max-width: 300px) 100vw, 300px\" \/><\/a><\/p>\n<p><a href=\"http:\/\/crisbottallo.com.br\/blog\/wp-content\/uploads\/2011\/10\/Heidel-caf\u00e9.jpg\"><img loading=\"lazy\" src=\"http:\/\/crisbottallo.com.br\/blog\/wp-content\/uploads\/2011\/10\/Heidel-caf\u00e9-300x168.jpg\" alt=\"\" title=\"Heidel caf\u00e9\" width=\"300\" height=\"168\" class=\"alignleft size-medium wp-image-7171\" srcset=\"http:\/\/crisbottallo.com.br\/blog\/wp-content\/uploads\/2011\/10\/Heidel-caf\u00e9-300x168.jpg 300w, http:\/\/crisbottallo.com.br\/blog\/wp-content\/uploads\/2011\/10\/Heidel-caf\u00e9.jpg 460w\" sizes=\"(max-width: 300px) 100vw, 300px\" \/><\/a><\/p>\n<p><a href=\"http:\/\/crisbottallo.com.br\/blog\/wp-content\/uploads\/2011\/10\/Heidel-janela-restaurante.jpg\"><img loading=\"lazy\" src=\"http:\/\/crisbottallo.com.br\/blog\/wp-content\/uploads\/2011\/10\/Heidel-janela-restaurante-300x168.jpg\" alt=\"\" title=\"Heidel janela restaurante\" width=\"300\" height=\"168\" class=\"alignright size-medium wp-image-7172\" srcset=\"http:\/\/crisbottallo.com.br\/blog\/wp-content\/uploads\/2011\/10\/Heidel-janela-restaurante-300x168.jpg 300w, http:\/\/crisbottallo.com.br\/blog\/wp-content\/uploads\/2011\/10\/Heidel-janela-restaurante.jpg 460w\" sizes=\"(max-width: 300px) 100vw, 300px\" \/><\/a><br \/>\n<a href=\"http:\/\/crisbottallo.com.br\/blog\/wp-content\/uploads\/2011\/10\/Heidel-rio.jpg\"><img loading=\"lazy\" src=\"http:\/\/crisbottallo.com.br\/blog\/wp-content\/uploads\/2011\/10\/Heidel-rio-300x168.jpg\" alt=\"\" title=\"Heidel rio\" width=\"300\" height=\"168\" class=\"alignleft size-medium wp-image-7173\" srcset=\"http:\/\/crisbottallo.com.br\/blog\/wp-content\/uploads\/2011\/10\/Heidel-rio-300x168.jpg 300w, http:\/\/crisbottallo.com.br\/blog\/wp-content\/uploads\/2011\/10\/Heidel-rio.jpg 460w\" sizes=\"(max-width: 300px) 100vw, 300px\" \/><\/a><br \/>\n<a href=\"http:\/\/crisbottallo.com.br\/blog\/wp-content\/uploads\/2011\/10\/Heidel-vista-ponte.jpg\"><img loading=\"lazy\" src=\"http:\/\/crisbottallo.com.br\/blog\/wp-content\/uploads\/2011\/10\/Heidel-vista-ponte.jpg\" alt=\"\" title=\"Heidel vista ponte\" width=\"460\" height=\"259\" class=\"alignnone size-full wp-image-7174\" srcset=\"http:\/\/crisbottallo.com.br\/blog\/wp-content\/uploads\/2011\/10\/Heidel-vista-ponte.jpg 460w, http:\/\/crisbottallo.com.br\/blog\/wp-content\/uploads\/2011\/10\/Heidel-vista-ponte-300x168.jpg 300w\" sizes=\"(max-width: 460px) 100vw, 460px\" \/><\/a><\/p>\n<p>\u00d3timas viagens, lindos passeios e muitas coisas bacanas vistas. E um monte de vontade de aproveitar tanta inspira\u00e7\u00e3o e trabalhar muito, \u00e9 sempre assim que me sinto quando fa\u00e7o coisas estimulantes&#8230;<\/p>\n<p>Aguardem porque em breve trarei mais novidades que tenho feito por aqui. Um abra\u00e7o!<\/p>\n<p><script type=\"text\/javascript\"><!--\ngoogle_ad_client = \"pub-9518983180152168\";\n\/* 468x60, criado 10\/07\/10 *\/\ngoogle_ad_slot = \"2365267377\";\ngoogle_ad_width = 468;\ngoogle_ad_height = 60;\n\/\/-->\n<\/script><br \/>\n<script type=\"text\/javascript\"\nsrc=\"http:\/\/pagead2.googlesyndication.com\/pagead\/show_ads.js\">\n<\/script><\/p>\n","protected":false},"excerpt":{"rendered":"<p>Oi, pessoal, boa tarde, bom domingo para voc\u00eas&#8230; Estive viajando semana retrasada, e voc\u00eas j\u00e1 sabem, falei um pouquinho sobre isso, mas queria muito compartilhar as coisas que andei vendo por l\u00e1. Ent\u00e3o aproveito que hoje estou mas sossegada de tempo para escrever aqui no blog. Madrid \u00e9 uma das cidades mais bonitas que j\u00e1 &hellip; <a href=\"http:\/\/crisbottallo.com.br\/blog\/?p=7095\" class=\"more-link\">Continue lendo <span class=\"screen-reader-text\">Viagens: Madrid e Frankfurt<\/span> <span class=\"meta-nav\">&rarr;<\/span><\/a><\/p>\n","protected":false},"author":1,"featured_media":0,"comment_status":"open","ping_status":"open","sticky":false,"template":"","format":"standard","meta":[],"categories":[594],"tags":[],"_links":{"self":[{"href":"http:\/\/crisbottallo.com.br\/blog\/index.php?rest_route=\/wp\/v2\/posts\/7095"}],"collection":[{"href":"http:\/\/crisbottallo.com.br\/blog\/index.php?rest_route=\/wp\/v2\/posts"}],"about":[{"href":"http:\/\/crisbottallo.com.br\/blog\/index.php?rest_route=\/wp\/v2\/types\/post"}],"author":[{"embeddable":true,"href":"http:\/\/crisbottallo.com.br\/blog\/index.php?rest_route=\/wp\/v2\/users\/1"}],"replies":[{"embeddable":true,"href":"http:\/\/crisbottallo.com.br\/blog\/index.php?rest_route=%2Fwp%2Fv2%2Fcomments&post=7095"}],"version-history":[{"count":24,"href":"http:\/\/crisbottallo.com.br\/blog\/index.php?rest_route=\/wp\/v2\/posts\/7095\/revisions"}],"predecessor-version":[{"id":18463,"href":"http:\/\/crisbottallo.com.br\/blog\/index.php?rest_route=\/wp\/v2\/posts\/7095\/revisions\/18463"}],"wp:attachment":[{"href":"http:\/\/crisbottallo.com.br\/blog\/index.php?rest_route=%2Fwp%2Fv2%2Fmedia&parent=7095"}],"wp:term":[{"taxonomy":"category","embeddable":true,"href":"http:\/\/crisbottallo.com.br\/blog\/index.php?rest_route=%2Fwp%2Fv2%2Fcategories&post=7095"},{"taxonomy":"post_tag","embeddable":true,"href":"http:\/\/crisbottallo.com.br\/blog\/index.php?rest_route=%2Fwp%2Fv2%2Ftags&post=7095"}],"curies":[{"name":"wp","href":"https:\/\/api.w.org\/{rel}","templated":true}]}}