{"id":7257,"date":"2011-11-13T17:32:28","date_gmt":"2011-11-13T20:32:28","guid":{"rendered":"http:\/\/crisbottallo.com.br\/blog\/?p=7257"},"modified":"2020-07-10T00:46:48","modified_gmt":"2020-07-10T03:46:48","slug":"e-as-flores-chegaram-de-novo","status":"publish","type":"post","link":"http:\/\/crisbottallo.com.br\/blog\/?p=7257","title":{"rendered":"E as flores chegaram de novo!"},"content":{"rendered":"<p>Oi, pessoal, boa tarde.<\/p>\n<p>Domingo de feriado sempre \u00e9 bom, n\u00e3o? Ele vai e logo volta, logo alim na ter\u00e7a&#8230;<br \/>\nEu, na verdade, estou trabalhando esse feriado, amanh\u00e3 \u00e9 dia de trabalho em meu ateli\u00ea, assim como foi ontem. Mas trabalhar no que a gente gosta n\u00e3o \u00e9 nada ruim, e, menos ainda quando a gente chega no ateli\u00ea logo cedo e \u00e9 surpreendida com nosso cactos florescendo, com tr\u00eas lindas flores abrindo ao mesmo tempo:<\/p>\n<p><a href=\"http:\/\/crisbottallo.com.br\/blog\/wp-content\/uploads\/2011\/11\/Flor-abrindo2.jpg\"><img loading=\"lazy\" src=\"http:\/\/crisbottallo.com.br\/blog\/wp-content\/uploads\/2011\/11\/Flor-abrindo2.jpg\" alt=\"\" title=\"Flor abrindo\" width=\"460\" height=\"259\" class=\"alignnone size-full wp-image-7261\" srcset=\"http:\/\/crisbottallo.com.br\/blog\/wp-content\/uploads\/2011\/11\/Flor-abrindo2.jpg 460w, http:\/\/crisbottallo.com.br\/blog\/wp-content\/uploads\/2011\/11\/Flor-abrindo2-300x168.jpg 300w\" sizes=\"(max-width: 460px) 100vw, 460px\" \/><\/a><\/p>\n<p><a href=\"http:\/\/crisbottallo.com.br\/blog\/wp-content\/uploads\/2011\/11\/Flor-aberta.jpg\"><img loading=\"lazy\" src=\"http:\/\/crisbottallo.com.br\/blog\/wp-content\/uploads\/2011\/11\/Flor-aberta.jpg\" alt=\"\" title=\"Flor aberta\" width=\"460\" height=\"259\" class=\"alignnone size-full wp-image-7262\" srcset=\"http:\/\/crisbottallo.com.br\/blog\/wp-content\/uploads\/2011\/11\/Flor-aberta.jpg 460w, http:\/\/crisbottallo.com.br\/blog\/wp-content\/uploads\/2011\/11\/Flor-aberta-300x168.jpg 300w\" sizes=\"(max-width: 460px) 100vw, 460px\" \/><\/a><\/p>\n<p>Em pouco mais de uma hora as flores abriram completamente, e s\u00e3o t\u00e3o lindas, delicadas&#8230; Esse cactos j\u00e1 floresceu ano passado, e d\u00e1 flores apenas uma vez por ano. Muito bom v\u00ea-lo em flor novamente, trabalhar fica at\u00e9 mais gostoso&#8230;<\/p>\n<p><a href=\"http:\/\/crisbottallo.com.br\/blog\/wp-content\/uploads\/2011\/11\/Flor-destaque.jpg\"><img loading=\"lazy\" src=\"http:\/\/crisbottallo.com.br\/blog\/wp-content\/uploads\/2011\/11\/Flor-destaque.jpg\" alt=\"\" title=\"Flor destaque\" width=\"460\" height=\"306\" class=\"alignnone size-full wp-image-7268\" srcset=\"http:\/\/crisbottallo.com.br\/blog\/wp-content\/uploads\/2011\/11\/Flor-destaque.jpg 460w, http:\/\/crisbottallo.com.br\/blog\/wp-content\/uploads\/2011\/11\/Flor-destaque-300x199.jpg 300w\" sizes=\"(max-width: 460px) 100vw, 460px\" \/><\/a><\/p>\n<p>E, al\u00e9m disso, estou satisfeita porque estou fazendo uma nova revista, mais um projeto bacana para fechar esse ano. Essa publica\u00e7\u00e3o, s\u00f3 com trabalhos em papel, tem como destaque a serigrafia (fizemos o passo a passo completo, ficou muito legal!), v\u00e1rios projetos criativos, algumas t\u00e9cnicas in\u00e9ditas, acho que voc\u00eas ir\u00e3o gostar.<\/p>\n<p>Ah, e por falar em revista, aquela que eu fotografei no final de setembro, com a Lu Gastal, est\u00e1 sendo finalizada e ser\u00e1 lan\u00e7ada, provavelmente, em janeiro. E essa tamb\u00e9m, por isso o come\u00e7o do ano promete. Muito bom, n\u00e3o? Esperem para ver&#8230; E um \u00f3timo domingo!<\/p>\n<p><script type=\"text\/javascript\"><!--\ngoogle_ad_client = \"pub-9518983180152168\";\n\/* 468x60, criado 10\/07\/10 *\/\ngoogle_ad_slot = \"2365267377\";\ngoogle_ad_width = 468;\ngoogle_ad_height = 60;\n\/\/-->\n<\/script><br \/>\n<script type=\"text\/javascript\"\nsrc=\"http:\/\/pagead2.googlesyndication.com\/pagead\/show_ads.js\">\n<\/script><\/p>\n","protected":false},"excerpt":{"rendered":"<p>Oi, pessoal, boa tarde. Domingo de feriado sempre \u00e9 bom, n\u00e3o? Ele vai e logo volta, logo alim na ter\u00e7a&#8230; Eu, na verdade, estou trabalhando esse feriado, amanh\u00e3 \u00e9 dia de trabalho em meu ateli\u00ea, assim como foi ontem. Mas trabalhar no que a gente gosta n\u00e3o \u00e9 nada ruim, e, menos ainda quando a &hellip; <a href=\"http:\/\/crisbottallo.com.br\/blog\/?p=7257\" class=\"more-link\">Continue lendo <span class=\"screen-reader-text\">E as flores chegaram de novo!<\/span> <span class=\"meta-nav\">&rarr;<\/span><\/a><\/p>\n","protected":false},"author":1,"featured_media":0,"comment_status":"open","ping_status":"open","sticky":false,"template":"","format":"standard","meta":[],"categories":[594],"tags":[],"_links":{"self":[{"href":"http:\/\/crisbottallo.com.br\/blog\/index.php?rest_route=\/wp\/v2\/posts\/7257"}],"collection":[{"href":"http:\/\/crisbottallo.com.br\/blog\/index.php?rest_route=\/wp\/v2\/posts"}],"about":[{"href":"http:\/\/crisbottallo.com.br\/blog\/index.php?rest_route=\/wp\/v2\/types\/post"}],"author":[{"embeddable":true,"href":"http:\/\/crisbottallo.com.br\/blog\/index.php?rest_route=\/wp\/v2\/users\/1"}],"replies":[{"embeddable":true,"href":"http:\/\/crisbottallo.com.br\/blog\/index.php?rest_route=%2Fwp%2Fv2%2Fcomments&post=7257"}],"version-history":[{"count":5,"href":"http:\/\/crisbottallo.com.br\/blog\/index.php?rest_route=\/wp\/v2\/posts\/7257\/revisions"}],"predecessor-version":[{"id":18459,"href":"http:\/\/crisbottallo.com.br\/blog\/index.php?rest_route=\/wp\/v2\/posts\/7257\/revisions\/18459"}],"wp:attachment":[{"href":"http:\/\/crisbottallo.com.br\/blog\/index.php?rest_route=%2Fwp%2Fv2%2Fmedia&parent=7257"}],"wp:term":[{"taxonomy":"category","embeddable":true,"href":"http:\/\/crisbottallo.com.br\/blog\/index.php?rest_route=%2Fwp%2Fv2%2Fcategories&post=7257"},{"taxonomy":"post_tag","embeddable":true,"href":"http:\/\/crisbottallo.com.br\/blog\/index.php?rest_route=%2Fwp%2Fv2%2Ftags&post=7257"}],"curies":[{"name":"wp","href":"https:\/\/api.w.org\/{rel}","templated":true}]}}