{"id":7310,"date":"2011-11-25T21:05:06","date_gmt":"2011-11-26T00:05:06","guid":{"rendered":"http:\/\/crisbottallo.com.br\/blog\/?p=7310"},"modified":"2020-07-10T00:46:45","modified_gmt":"2020-07-10T03:46:45","slug":"mais-arvores-muito-mais-arvores","status":"publish","type":"post","link":"http:\/\/crisbottallo.com.br\/blog\/?p=7310","title":{"rendered":"Mais \u00e1rvores, muito mais \u00e1rvores!"},"content":{"rendered":"<p>Ol\u00e1 a todos, boa noite!<\/p>\n<p>Ontem e hoje recebi mais algumas \u00e1rvores do meu &#8220;desafio&#8221;, e compartilho com voc\u00eas agora:<\/p>\n<p>A Elis\u00e2ngela enviou duas sugest\u00f5es, uma com tintas para tecido e outra com verniz vitral. Lindas!<\/p>\n<p><a href=\"http:\/\/crisbottallo.com.br\/blog\/wp-content\/uploads\/2011\/11\/Arvore-elisangela.jpg\"><img loading=\"lazy\" src=\"http:\/\/crisbottallo.com.br\/blog\/wp-content\/uploads\/2011\/11\/Arvore-elisangela.jpg\" alt=\"\" title=\"Arvore elisangela\" width=\"460\" height=\"617\" class=\"alignnone size-full wp-image-7311\" srcset=\"http:\/\/crisbottallo.com.br\/blog\/wp-content\/uploads\/2011\/11\/Arvore-elisangela.jpg 460w, http:\/\/crisbottallo.com.br\/blog\/wp-content\/uploads\/2011\/11\/Arvore-elisangela-223x300.jpg 223w\" sizes=\"(max-width: 460px) 100vw, 460px\" \/><\/a><br \/>\n<strong>Trabalho da Elis\u00e2ngela com Tintas para Tecidos<\/strong><\/p>\n<p><a href=\"http:\/\/crisbottallo.com.br\/blog\/wp-content\/uploads\/2011\/11\/Arvore-Vitral-elisangela.jpg\"><img loading=\"lazy\" src=\"http:\/\/crisbottallo.com.br\/blog\/wp-content\/uploads\/2011\/11\/Arvore-Vitral-elisangela.jpg\" alt=\"\" title=\"Arvore Vitral elisangela\" width=\"460\" height=\"648\" class=\"alignnone size-full wp-image-7312\" srcset=\"http:\/\/crisbottallo.com.br\/blog\/wp-content\/uploads\/2011\/11\/Arvore-Vitral-elisangela.jpg 460w, http:\/\/crisbottallo.com.br\/blog\/wp-content\/uploads\/2011\/11\/Arvore-Vitral-elisangela-212x300.jpg 212w\" sizes=\"(max-width: 460px) 100vw, 460px\" \/><\/a><br \/>\n<strong>Trabalho da Elis\u00e2ngela com Verniz Vitral<\/strong><\/p>\n<p>A Maria Regina escreveu: &#8220;Amei a id\u00e9ia do desafio, deixei as panelas de lado pra fazer o meu, vi no facebook a id\u00e9ia e amei. Beijo no cora\u00e7\u00e3o.&#8221; Obrigada, Maria Regina, o mundo do artesanato agradece!<\/p>\n<p><a href=\"http:\/\/crisbottallo.com.br\/blog\/wp-content\/uploads\/2011\/11\/Desafio.jpg\"><img loading=\"lazy\" src=\"http:\/\/crisbottallo.com.br\/blog\/wp-content\/uploads\/2011\/11\/Desafio.jpg\" alt=\"\" title=\"Desafio\" width=\"460\" height=\"613\" class=\"alignnone size-full wp-image-7314\" srcset=\"http:\/\/crisbottallo.com.br\/blog\/wp-content\/uploads\/2011\/11\/Desafio.jpg 460w, http:\/\/crisbottallo.com.br\/blog\/wp-content\/uploads\/2011\/11\/Desafio-225x300.jpg 225w\" sizes=\"(max-width: 460px) 100vw, 460px\" \/><\/a><br \/>\n<strong>Trabalho da Maria Regina Os\u00f3rio<\/strong><\/p>\n<p>A Maria da Penha, que passa sempre por aqui, tamb\u00e9m deixou um recadinho: &#8220;Segue meu desenho, repleto de bons pensamentos, cheio de desejos de um Natal santo e aben\u00e7oado e colorido como seu ANO NOVO deve ser. Grande abra\u00e7o, de quem te admira bastante!!!&#8221;<\/p>\n<p><a href=\"http:\/\/crisbottallo.com.br\/blog\/wp-content\/uploads\/2011\/11\/Arvore-hj.jpg\"><img loading=\"lazy\" src=\"http:\/\/crisbottallo.com.br\/blog\/wp-content\/uploads\/2011\/11\/Arvore-hj.jpg\" alt=\"\" title=\"Arvore hj\" width=\"460\" height=\"613\" class=\"alignnone size-full wp-image-7315\" srcset=\"http:\/\/crisbottallo.com.br\/blog\/wp-content\/uploads\/2011\/11\/Arvore-hj.jpg 460w, http:\/\/crisbottallo.com.br\/blog\/wp-content\/uploads\/2011\/11\/Arvore-hj-225x300.jpg 225w\" sizes=\"(max-width: 460px) 100vw, 460px\" \/><\/a><br \/>\n<strong>Trabalho da Maria da Penha<\/strong><strong><\/strong><\/p>\n<p>A Odelma enviou um trabalho com aplica\u00e7\u00f5es de tecido. N\u00e3o ficou \u00f3timo? Vejam s\u00f3 quantas possibilidades! E mandou um recadinho muito especial tamb\u00e9m: &#8220;Cristina admiro seu trabalho e foi atrav\u00e9s dele que comecei a desenvolver minhas artes. Descobri que tinha uma artista adormecida em mim. Agrade\u00e7o pelo seu blog.&#8221; E ela mandou tamb\u00e9m algumas fotos de seus trabalhos, lindos, <\/p>\n<p><a href=\"http:\/\/crisbottallo.com.br\/blog\/wp-content\/uploads\/2011\/11\/Arvore-da-Odelma.jpg\"><img loading=\"lazy\" src=\"http:\/\/crisbottallo.com.br\/blog\/wp-content\/uploads\/2011\/11\/Arvore-da-Odelma.jpg\" alt=\"\" title=\"Arvore da Odelma\" width=\"460\" height=\"680\" class=\"alignnone size-full wp-image-7317\" srcset=\"http:\/\/crisbottallo.com.br\/blog\/wp-content\/uploads\/2011\/11\/Arvore-da-Odelma.jpg 460w, http:\/\/crisbottallo.com.br\/blog\/wp-content\/uploads\/2011\/11\/Arvore-da-Odelma-202x300.jpg 202w\" sizes=\"(max-width: 460px) 100vw, 460px\" \/><\/a><br \/>\n<strong>Trabalho da Odelma<\/strong><\/p>\n<p><a href=\"http:\/\/crisbottallo.com.br\/blog\/wp-content\/uploads\/2011\/11\/Trabalho-telha.jpg\"><img loading=\"lazy\" src=\"http:\/\/crisbottallo.com.br\/blog\/wp-content\/uploads\/2011\/11\/Trabalho-telha.jpg\" alt=\"\" title=\"Trabalho telha\" width=\"336\" height=\"448\" class=\"alignnone size-full wp-image-7319\" srcset=\"http:\/\/crisbottallo.com.br\/blog\/wp-content\/uploads\/2011\/11\/Trabalho-telha.jpg 336w, http:\/\/crisbottallo.com.br\/blog\/wp-content\/uploads\/2011\/11\/Trabalho-telha-224x300.jpg 224w\" sizes=\"(max-width: 336px) 100vw, 336px\" \/><\/a><br \/>\n<strong>Trabalho da Odelma<\/strong><\/p>\n<p>Lindo, n\u00e3o? Obrigada, Odelma, obrigada Elis\u00e2ngela, Maria da Penha, Maria Regina e a todas voc\u00eas que est\u00e3o se animando a participar dessa brincadeira comigo.<\/p>\n<p><a href=\"http:\/\/crisbottallo.com.br\/blog\/wp-content\/uploads\/2011\/11\/Arvore-s\u00f3-tra\u00e7o2.jpg\"><img loading=\"lazy\" src=\"http:\/\/crisbottallo.com.br\/blog\/wp-content\/uploads\/2011\/11\/Arvore-s\u00f3-tra\u00e7o2.jpg\" alt=\"\" title=\"Arvore s\u00f3 tra\u00e7o\" width=\"460\" height=\"658\" class=\"alignnone size-full wp-image-7320\" srcset=\"http:\/\/crisbottallo.com.br\/blog\/wp-content\/uploads\/2011\/11\/Arvore-s\u00f3-tra\u00e7o2.jpg 460w, http:\/\/crisbottallo.com.br\/blog\/wp-content\/uploads\/2011\/11\/Arvore-s\u00f3-tra\u00e7o2-209x300.jpg 209w\" sizes=\"(max-width: 460px) 100vw, 460px\" \/><\/a><br \/>\n<strong>Risco para voc\u00eas colorirem<\/strong><\/p>\n<p>E o desafio continua aqui, pessoal&#8230; Em seguida vou postar novamente o desenho para quem quiser participar. Basta imprimir em papel a imagem acima e colorir como quiser. Vale tudo, tecido, madeira, tela, papel&#8230; O importante \u00e9 que voc\u00eas se divirtam, essa \u00e9 a ideia! E todas as pessoas que enviarem suas vers\u00f5es do meu cart\u00e3o ir\u00e3o concorrer a um kit de presente bem especial.<\/p>\n<p><script type=\"text\/javascript\"><!--\ngoogle_ad_client = \"pub-9518983180152168\";\n\/* 468x60, criado 10\/07\/10 *\/\ngoogle_ad_slot = \"2365267377\";\ngoogle_ad_width = 468;\ngoogle_ad_height = 60;\n\/\/-->\n<\/script><br \/>\n<script type=\"text\/javascript\"\nsrc=\"http:\/\/pagead2.googlesyndication.com\/pagead\/show_ads.js\">\n<\/script><\/p>\n","protected":false},"excerpt":{"rendered":"<p>Ol\u00e1 a todos, boa noite! Ontem e hoje recebi mais algumas \u00e1rvores do meu &#8220;desafio&#8221;, e compartilho com voc\u00eas agora: A Elis\u00e2ngela enviou duas sugest\u00f5es, uma com tintas para tecido e outra com verniz vitral. Lindas! Trabalho da Elis\u00e2ngela com Tintas para Tecidos Trabalho da Elis\u00e2ngela com Verniz Vitral A Maria Regina escreveu: &#8220;Amei a &hellip; <a href=\"http:\/\/crisbottallo.com.br\/blog\/?p=7310\" class=\"more-link\">Continue lendo <span class=\"screen-reader-text\">Mais \u00e1rvores, muito mais \u00e1rvores!<\/span> <span class=\"meta-nav\">&rarr;<\/span><\/a><\/p>\n","protected":false},"author":1,"featured_media":0,"comment_status":"open","ping_status":"open","sticky":false,"template":"","format":"standard","meta":[],"categories":[594],"tags":[],"_links":{"self":[{"href":"http:\/\/crisbottallo.com.br\/blog\/index.php?rest_route=\/wp\/v2\/posts\/7310"}],"collection":[{"href":"http:\/\/crisbottallo.com.br\/blog\/index.php?rest_route=\/wp\/v2\/posts"}],"about":[{"href":"http:\/\/crisbottallo.com.br\/blog\/index.php?rest_route=\/wp\/v2\/types\/post"}],"author":[{"embeddable":true,"href":"http:\/\/crisbottallo.com.br\/blog\/index.php?rest_route=\/wp\/v2\/users\/1"}],"replies":[{"embeddable":true,"href":"http:\/\/crisbottallo.com.br\/blog\/index.php?rest_route=%2Fwp%2Fv2%2Fcomments&post=7310"}],"version-history":[{"count":6,"href":"http:\/\/crisbottallo.com.br\/blog\/index.php?rest_route=\/wp\/v2\/posts\/7310\/revisions"}],"predecessor-version":[{"id":18452,"href":"http:\/\/crisbottallo.com.br\/blog\/index.php?rest_route=\/wp\/v2\/posts\/7310\/revisions\/18452"}],"wp:attachment":[{"href":"http:\/\/crisbottallo.com.br\/blog\/index.php?rest_route=%2Fwp%2Fv2%2Fmedia&parent=7310"}],"wp:term":[{"taxonomy":"category","embeddable":true,"href":"http:\/\/crisbottallo.com.br\/blog\/index.php?rest_route=%2Fwp%2Fv2%2Fcategories&post=7310"},{"taxonomy":"post_tag","embeddable":true,"href":"http:\/\/crisbottallo.com.br\/blog\/index.php?rest_route=%2Fwp%2Fv2%2Ftags&post=7310"}],"curies":[{"name":"wp","href":"https:\/\/api.w.org\/{rel}","templated":true}]}}